{"id":14702,"date":"2025-06-14T07:00:49","date_gmt":"2025-06-14T07:00:49","guid":{"rendered":"https:\/\/www.ruydelacerda.pt\/%f0%9f%94%b5-balancing-work-and-personal-life-a-choice-for-the-future\/"},"modified":"2025-11-26T15:24:42","modified_gmt":"2025-11-26T15:24:42","slug":"%f0%9f%94%b5-balancing-work-and-personal-life-a-choice-for-the-future","status":"publish","type":"post","link":"https:\/\/www.ruydelacerda.pt\/en\/%f0%9f%94%b5-balancing-work-and-personal-life-a-choice-for-the-future\/","title":{"rendered":"\ud83d\udd35 Balancing Work and Personal Life: A Choice for the Future*"},"content":{"rendered":"\t\t<div data-elementor-type=\"wp-post\" data-elementor-id=\"14702\" class=\"elementor elementor-14702 elementor-13700\">\n\t\t\t\t\t\t<section class=\"elementor-section elementor-top-section elementor-element elementor-element-3a875029 elementor-section-full_width elementor-section-height-default elementor-section-height-default qodef-elementor-content-no\" data-id=\"3a875029\" data-element_type=\"section\">\n\t\t\t\t\t\t<div class=\"elementor-container elementor-column-gap-default\">\n\t\t\t\t\t<div class=\"elementor-column elementor-col-100 elementor-top-column elementor-element elementor-element-22ee66ef\" data-id=\"22ee66ef\" data-element_type=\"column\">\n\t\t\t<div class=\"elementor-widget-wrap elementor-element-populated\">\n\t\t\t\t\t\t<div class=\"elementor-element elementor-element-cba7d75 elementor-widget elementor-widget-text-editor\" data-id=\"cba7d75\" data-element_type=\"widget\" data-widget_type=\"text-editor.default\">\n\t\t\t\t<div class=\"elementor-widget-container\">\n\t\t\t\t\t\t\t\t\t<p>(English Below) \ud83c\uddf5\ud83c\uddf9<\/p>\n<p>Num tempo em que a acelera\u00e7\u00e3o dos neg\u00f3cios desafia os limites do equil\u00edbrio, h\u00e1 empresas que escolhem um caminho diferente. Um caminho onde o rigor e a performance n\u00e3o excluem a empatia e o cuidado. Um caminho onde o sucesso n\u00e3o se mede apenas em resultados, mas tamb\u00e9m na forma como tratamos quem caminha connosco todos os dias.<\/p>\n<p>\u00c9 com orgulho que partilhamos que a <strong>Ruy de Lacerda<\/strong> foi, mais uma vez, distinguida com o selo Empresa Familiarmente Respons\u00e1vel<strong> (efr)<\/strong>, uma certifica\u00e7\u00e3o internacional atribu\u00edda a organiza\u00e7\u00f5es que promovem pr\u00e1ticas verdadeiramente equilibradas entre vida pessoal e profissional.<\/p>\n<p>A cerim\u00f3nia, promovida pela <strong>Fundaci\u00f3n M\u00e1sfamilia<\/strong> e pela <strong>ACEGE<\/strong>, com acolhimento da <strong>EDP<\/strong>, reuniu 70 empresas portuguesas que assumem o compromisso de cuidar das suas pessoas de forma consistente e estruturada. Estivemos presentes atrav\u00e9s de dois dos nossos l\u00edderes: <strong>David Zamith<\/strong> (Chairman) e <strong>Sabino Borges (CEO)<\/strong>, que representaram toda a equipa Ruy de Lacerda com a mesma convic\u00e7\u00e3o que nos guia h\u00e1 75 anos: o verdadeiro crescimento acontece quando colocamos as pessoas no seu centro.<\/p>\n<p>\ud83c\udfaf <strong>Mais do que uma distin\u00e7\u00e3o &#8211; um compromisso<\/strong><\/p>\n<p>Ser uma <em>empresa efr<\/em> significa assumir que:<br \/>\ud83d\udd39 O trabalho \u00e9 uma parte importante da vida, mas n\u00e3o deve absorver o resto.<br \/>\ud83d\udd39 O bem-estar dos colaboradores \u00e9 t\u00e3o estrat\u00e9gico quanto qualquer investimento em tecnologia ou inova\u00e7\u00e3o.<br \/>\ud83d\udd39 Cuidar das pessoas n\u00e3o \u00e9 uma a\u00e7\u00e3o de responsabilidade social, mas uma decis\u00e3o de lideran\u00e7a.<\/p>\n<p>Na Ruy de Lacerda, traduzimos esse compromisso em a\u00e7\u00f5es concretas:<br \/>\u2714\ufe0f Flexibilidade de hor\u00e1rios e modelos de trabalho<br \/>\u2714\ufe0f Apoio \u00e0 parentalidade e aos diferentes ciclos da vida<br \/>\u2714\ufe0f Valoriza\u00e7\u00e3o da sa\u00fade emocional<br \/>\u2714\ufe0f Escuta ativa em momentos de transi\u00e7\u00e3o ou vulnerabilidade<br \/>\u2714\ufe0f Cultura de confian\u00e7a e autonomia<\/p>\n<p>\ud83d\udfe2 <strong>Porque ningu\u00e9m \u00e9 s\u00f3 o que entrega no escrit\u00f3rio<\/strong>.<br \/>\u00c9 tamb\u00e9m pai, m\u00e3e, cuidador, volunt\u00e1rio, m\u00fasico, estudante \u2026 e \u00e9 dessa riqueza que nascem equipas mais completas, mais criativas e mais comprometidas.<\/p>\n<p>\ud83d\udccc Acreditamos que empresas verdadeiramente sustent\u00e1veis s\u00e3o aquelas que veem os seus colaboradores como pessoas inteiras, com tempo, afetos e necessidades que n\u00e3o se desligam ao bater do ponto.<\/p>\n<p>\ud83d\udd0e Num estudo promovido pela Fundaci\u00f3n M\u00e1sfamilia, em parceria com o IESE Business School, organiza\u00e7\u00f5es com selo <em>efr<\/em> registaram:<\/p>\n<ul>\n<li>Redu\u00e7\u00f5es de 50% no absentismo<\/li>\n<li>Aumento de 23% na produtividade<\/li>\n<li>Melhoria de 76% no clima organizacional<\/li>\n<\/ul>\n<p>Dados que refor\u00e7am aquilo que para n\u00f3s sempre foi claro: bem-estar gera valor.<\/p>\n<p>\u2728 Com 75 anos de hist\u00f3ria, este reconhecimento \u00e9 mais do que uma conquista, \u00e9 a confirma\u00e7\u00e3o de que vale a pena continuar a fazer diferente. Vale a pena continuar a acreditar que \u00e9 poss\u00edvel liderar com exig\u00eancia e, ao mesmo tempo, com humanidade.<\/p>\n<p>O futuro pertence \u00e0s empresas que cuidam das suas pessoas. E estamos prontos para continuar a constru\u00ed-lo.<\/p>\n\t\t\t\t\t\t\t\t<\/div>\n\t\t\t\t<\/div>\n\t\t\t\t\t<\/div>\n\t\t<\/div>\n\t\t\t\t\t<\/div>\n\t\t<\/section>\n\t\t<div class=\"elementor-element elementor-element-0acfde5 e-flex e-con-boxed qodef-elementor-content-no e-con e-parent\" data-id=\"0acfde5\" data-element_type=\"container\">\n\t\t\t\t\t<div class=\"e-con-inner\">\n\t\t\t\t<div class=\"elementor-element elementor-element-6f97308 elementor-widget-divider--view-line_icon elementor-view-default elementor-widget-divider--element-align-center elementor-widget elementor-widget-divider\" data-id=\"6f97308\" data-element_type=\"widget\" data-widget_type=\"divider.default\">\n\t\t\t\t<div class=\"elementor-widget-container\">\n\t\t\t\t\t\t\t<div class=\"elementor-divider\">\n\t\t\t<span class=\"elementor-divider-separator\">\n\t\t\t\t\t\t\t<div class=\"elementor-icon elementor-divider__element\">\n\t\t\t\t\t<svg xmlns=\"http:\/\/www.w3.org\/2000\/svg\" width=\"60\" height=\"68\" viewBox=\"0 0 60 68\" fill=\"none\"><g clip-path=\"url(#clip0_16_2821)\"><path fill-rule=\"evenodd\" clip-rule=\"evenodd\" d=\"M5.92 17.48L27.59 4.92003C26.39 4.15003 25.73 2.93003 25.75 1.66003L4.09 14.29C5.18 15.04 5.86 16.07 5.91 17.48\" fill=\"#D39620\"><\/path><path fill-rule=\"evenodd\" clip-rule=\"evenodd\" d=\"M33.69 1.66003L55.36 14.22C54.16 14.99 53.5 16.21 53.52 17.48L31.87 4.86003C32.96 4.11003 33.64 3.08003 33.69 1.67003\" fill=\"#D39620\"><\/path><path fill-rule=\"evenodd\" clip-rule=\"evenodd\" d=\"M56.38 52.73L33.62 66.03C33.54 64.61 33.12 63.36 31.95 62.51L53.7 49.91C53.82 51.23 55.09 52.22 56.38 52.72\" fill=\"#D39620\"><\/path><path fill-rule=\"evenodd\" clip-rule=\"evenodd\" d=\"M27.64 62.58L5.7 49.73C5.62 51.15 4.29 51.85 3.13 52.7L25.64 65.79C25.76 64.47 26.35 63.08 27.64 62.58Z\" fill=\"#D39620\"><\/path><path fill-rule=\"evenodd\" clip-rule=\"evenodd\" d=\"M3.82 45.66L3.74 21.29C2.48 21.93 1.09 21.9 0 21.27L0.14 45.66C1.34 45.1 2.56 45.03 3.82 45.66Z\" fill=\"#D39620\"><\/path><path fill-rule=\"evenodd\" clip-rule=\"evenodd\" d=\"M59.63 45.66L59.55 21.29C58.29 21.93 56.9 21.9 55.81 21.27L55.95 45.66C57.15 45.1 58.37 45.03 59.63 45.66Z\" fill=\"#D39620\"><\/path><path d=\"M14.39 29.26C13.49 29.26 12.4 29.27 11.1 29.27L11.06 35.6L14.57 35.55C19.11 35.61 18.99 29.48 14.39 29.26ZM16.81 43.27L13.8 38.41H11.1V43.25H8.35999V26.67H14.42C15.7 26.67 16.81 26.91 17.76 27.38C18.71 27.85 19.43 28.53 19.94 29.42C20.45 30.3 20.7 31.35 20.7 32.57C20.7 33.79 20.43 34.89 19.89 35.79C19.35 36.69 18.57 37.36 17.56 37.8L20.95 43.25L16.81 43.27Z\" fill=\"#D39620\"><\/path><path d=\"M29.7 40.56C30.82 40.56 31.8 40.33 32.65 39.86C33.5 39.39 34.15 38.73 34.61 37.86C35.07 37 35.3 35.99 35.3 34.85C35.3 33.71 35.07 32.71 34.61 31.84C34.15 30.98 33.5 30.31 32.65 29.84C31.8 29.37 30.81 29.14 29.7 29.14H25.99V40.55H29.7V40.56ZM23.16 26.53H29.83C31.46 26.53 32.9 26.87 34.17 27.56C35.43 28.25 36.42 29.22 37.11 30.48C37.81 31.74 38.16 33.19 38.16 34.84C38.16 36.49 37.81 37.94 37.11 39.2C36.41 40.46 35.43 41.43 34.17 42.12C32.91 42.81 31.46 43.15 29.83 43.15H23.16V26.51V26.53Z\" fill=\"#D39620\"><\/path><path d=\"M41.26 26.53H44.09V40.56L52.61 40.58V43.19L41.26 43.17V26.53Z\" fill=\"#D39620\"><\/path><path fill-rule=\"evenodd\" clip-rule=\"evenodd\" d=\"M57.23 15.6899C58.18 15.6899 58.95 16.4899 58.95 17.4899C58.95 18.4899 58.18 19.2899 57.23 19.2899C56.28 19.2899 55.51 18.4899 55.51 17.4899C55.51 16.4899 56.28 15.6899 57.23 15.6899Z\" fill=\"#D39620\"><\/path><path fill-rule=\"evenodd\" clip-rule=\"evenodd\" d=\"M57.23 47.0601C58.18 47.0601 58.95 47.8601 58.95 48.8601C58.95 49.8601 58.18 50.6601 57.23 50.6601C56.28 50.6601 55.51 49.8601 55.51 48.8601C55.51 47.8601 56.28 47.0601 57.23 47.0601Z\" fill=\"#D39620\"><\/path><path fill-rule=\"evenodd\" clip-rule=\"evenodd\" d=\"M2.01999 15.6899C2.96999 15.6899 3.73999 16.4899 3.73999 17.4899C3.73999 18.4899 2.96999 19.2899 2.01999 19.2899C1.06999 19.2899 0.299988 18.4899 0.299988 17.4899C0.299988 16.4899 1.06999 15.6899 2.01999 15.6899Z\" fill=\"#D39620\"><\/path><path fill-rule=\"evenodd\" clip-rule=\"evenodd\" d=\"M2.01999 47.0601C2.96999 47.0601 3.73999 47.8601 3.73999 48.8601C3.73999 49.8601 2.96999 50.6601 2.01999 50.6601C1.06999 50.6601 0.299988 49.8601 0.299988 48.8601C0.299988 47.8601 1.06999 47.0601 2.01999 47.0601Z\" fill=\"#D39620\"><\/path><path fill-rule=\"evenodd\" clip-rule=\"evenodd\" d=\"M29.78 63.95C30.73 63.95 31.5 64.75 31.5 65.75C31.5 66.75 30.73 67.55 29.78 67.55C28.83 67.55 28.06 66.75 28.06 65.75C28.06 64.75 28.83 63.95 29.78 63.95Z\" fill=\"#D39620\"><\/path><path fill-rule=\"evenodd\" clip-rule=\"evenodd\" d=\"M29.78 0C30.73 0 31.5 0.8 31.5 1.8C31.5 2.8 30.73 3.6 29.78 3.6C28.83 3.6 28.06 2.8 28.06 1.8C28.06 0.8 28.83 0 29.78 0Z\" fill=\"#D39620\"><\/path><\/g><defs><clipPath id=\"clip0_16_2821\"><rect width=\"59.63\" height=\"67.54\" fill=\"white\"><\/rect><\/clipPath><\/defs><\/svg><\/div>\n\t\t\t\t\t\t<\/span>\n\t\t<\/div>\n\t\t\t\t\t\t<\/div>\n\t\t\t\t<\/div>\n\t\t\t\t\t<\/div>\n\t\t\t\t<\/div>\n\t\t\t\t<section class=\"elementor-section elementor-top-section elementor-element elementor-element-662db0b elementor-section-full_width elementor-section-height-default elementor-section-height-default qodef-elementor-content-no\" data-id=\"662db0b\" data-element_type=\"section\">\n\t\t\t\t\t\t<div class=\"elementor-container elementor-column-gap-default\">\n\t\t\t\t\t<div class=\"elementor-column elementor-col-100 elementor-top-column elementor-element elementor-element-7f4dd06\" data-id=\"7f4dd06\" data-element_type=\"column\">\n\t\t\t<div class=\"elementor-widget-wrap elementor-element-populated\">\n\t\t\t\t\t\t<div class=\"elementor-element elementor-element-a845236 elementor-widget elementor-widget-text-editor\" data-id=\"a845236\" data-element_type=\"widget\" data-widget_type=\"text-editor.default\">\n\t\t\t\t<div class=\"elementor-widget-container\">\n\t\t\t\t\t\t\t\t\t<p>\ud83c\uddec\ud83c\udde7<\/p>\n<p>\ud83d\udd35 <strong>Balancing work and personal life: a choice for the future<\/strong><\/p>\n<p>In a time when the pace of business challenges the limits of balance, there are companies that choose a different path. A path where performance and precision do not exclude empathy and care. A path where success is measured not only by results but also by how we treat those who walk alongside us every day.<\/p>\n<p>We are proud to share that Ruy de Lacerda has once again been awarded the Family-Responsible Company (efr) seal, an international certification granted to organizations that promote truly balanced practices between professional and personal life.<br \/>The ceremony, organized by Fundaci\u00f3n M\u00e1sfamilia and ACEGE and hosted by EDP, brought together 70 Portuguese companies that are committed to consistently caring for their people. Representing us were two of our leaders, David Zamith (Chairman) and Sabino Borges (CEO), who stood for the entire Ruy de Lacerda team with the same conviction that has guided us for 75 years: real growth happens when we put people at the center.<\/p>\n<p>\ud83c\udfaf <strong>More than a recognition &#8211; a commitment<\/strong><\/p>\n<p>Being an efr company means recognizing that:<\/p>\n<p>\ud83d\udd39 Work is an important part of life, but it should not take over everything else.<\/p>\n<p>\ud83d\udd39 The well-being of employees is as strategic as any investment in technology or innovation.<\/p>\n<p>\ud83d\udd39 Caring for people is not a corporate responsibility initiative \u2014 it\u2019s a leadership decision.<\/p>\n<p>At Ruy de Lacerda, we translate this commitment into real actions:<\/p>\n<p>\u2714\ufe0f Flexible schedules and working models<\/p>\n<p>\u2714\ufe0f Support for parenthood and different life stages<\/p>\n<p>\u2714\ufe0f Focus on emotional health<\/p>\n<p>\u2714\ufe0f Active listening during times of transition or vulnerability<\/p>\n<p>\u2714\ufe0fA culture of trust and autonomy<\/p>\n<p>\ud83d\udfe2 <strong>Because no one is just what they deliver in the office.<\/strong><br \/>They are also parents, caregivers, volunteers, musicians, students&#8230; and it is from this richness that stronger, more creative and more committed teams are born.<br \/>\ud83d\udccc We believe that truly sustainable companies are those that see their people as whole individuals, with time, emotions, and needs that don\u2019t switch off at the end of the workday.<\/p>\n<p>\ud83d\udd0e According to a study conducted by Fundaci\u00f3n M\u00e1sfamilia in partnership with IESE Business School, companies with the efr seal recorded:<\/p>\n<ul>\n<li>A 50% reduction in absenteeism<\/li>\n<li>A 23% increase in productivity<\/li>\n<li>A 76% improvement in organizational climate<\/li>\n<\/ul>\n<p>These findings reinforce what we have always believed: well-being creates value.<\/p>\n<p>\u2728With 75 years of history, this recognition is more than an achievement, it is confirmation that it is worth continuing to do things differently. It is worth believing that it is possible to lead with high standards while also leading with humanity.<\/p>\n<p>The future belongs to companies that care for their people. And we are ready to keep building it.<\/p>\n\t\t\t\t\t\t\t\t<\/div>\n\t\t\t\t<\/div>\n\t\t\t\t\t<\/div>\n\t\t<\/div>\n\t\t\t\t\t<\/div>\n\t\t<\/section>\n\t\t<div class=\"elementor-element elementor-element-010ec74 e-flex e-con-boxed qodef-elementor-content-no e-con e-parent\" data-id=\"010ec74\" data-element_type=\"container\">\n\t\t\t\t\t<div class=\"e-con-inner\">\n\t\t\t\t\t<\/div>\n\t\t\t\t<\/div>\n\t\t\t\t<\/div>\n\t\t","protected":false},"excerpt":{"rendered":"<p>In a time when business acceleration challenges the limits of balance, some companies choose a different path. A path where rigour and performance do not exclude empathy and care. A path where success is measured not only by results, but also by how we treat those who walk with us\u2026<\/p>\n","protected":false},"author":2,"featured_media":13702,"comment_status":"closed","ping_status":"closed","sticky":false,"template":"","format":"standard","meta":{"_acf_changed":false,"_joinchat":[],"footnotes":""},"categories":[181],"tags":[],"class_list":["post-14702","post","type-post","status-publish","format-standard","has-post-thumbnail","hentry","category-rdl-institutional"],"acf":[],"_links":{"self":[{"href":"https:\/\/www.ruydelacerda.pt\/en\/wp-json\/wp\/v2\/posts\/14702","targetHints":{"allow":["GET"]}}],"collection":[{"href":"https:\/\/www.ruydelacerda.pt\/en\/wp-json\/wp\/v2\/posts"}],"about":[{"href":"https:\/\/www.ruydelacerda.pt\/en\/wp-json\/wp\/v2\/types\/post"}],"author":[{"embeddable":true,"href":"https:\/\/www.ruydelacerda.pt\/en\/wp-json\/wp\/v2\/users\/2"}],"replies":[{"embeddable":true,"href":"https:\/\/www.ruydelacerda.pt\/en\/wp-json\/wp\/v2\/comments?post=14702"}],"version-history":[{"count":1,"href":"https:\/\/www.ruydelacerda.pt\/en\/wp-json\/wp\/v2\/posts\/14702\/revisions"}],"predecessor-version":[{"id":14703,"href":"https:\/\/www.ruydelacerda.pt\/en\/wp-json\/wp\/v2\/posts\/14702\/revisions\/14703"}],"wp:featuredmedia":[{"embeddable":true,"href":"https:\/\/www.ruydelacerda.pt\/en\/wp-json\/wp\/v2\/media\/13702"}],"wp:attachment":[{"href":"https:\/\/www.ruydelacerda.pt\/en\/wp-json\/wp\/v2\/media?parent=14702"}],"wp:term":[{"taxonomy":"category","embeddable":true,"href":"https:\/\/www.ruydelacerda.pt\/en\/wp-json\/wp\/v2\/categories?post=14702"},{"taxonomy":"post_tag","embeddable":true,"href":"https:\/\/www.ruydelacerda.pt\/en\/wp-json\/wp\/v2\/tags?post=14702"}],"curies":[{"name":"wp","href":"https:\/\/api.w.org\/{rel}","templated":true}]}}