{"id":14722,"date":"2025-04-19T07:00:15","date_gmt":"2025-04-19T07:00:15","guid":{"rendered":"https:\/\/www.ruydelacerda.pt\/commitment-to-sustainability-ruy-de-lacerdas-esg-code\/"},"modified":"2025-11-26T15:51:10","modified_gmt":"2025-11-26T15:51:10","slug":"commitment-to-sustainability-ruy-de-lacerdas-esg-code","status":"publish","type":"post","link":"https:\/\/www.ruydelacerda.pt\/en\/commitment-to-sustainability-ruy-de-lacerdas-esg-code\/","title":{"rendered":"Commitment to Sustainability: Ruy de Lacerda\u2019s ESG Code"},"content":{"rendered":"\t\t<div data-elementor-type=\"wp-post\" data-elementor-id=\"14722\" class=\"elementor elementor-14722 elementor-13732\">\n\t\t\t\t\t\t<section class=\"elementor-section elementor-top-section elementor-element elementor-element-3a875029 elementor-section-full_width elementor-section-height-default elementor-section-height-default qodef-elementor-content-no\" data-id=\"3a875029\" data-element_type=\"section\">\n\t\t\t\t\t\t<div class=\"elementor-container elementor-column-gap-default\">\n\t\t\t\t\t<div class=\"elementor-column elementor-col-100 elementor-top-column elementor-element elementor-element-22ee66ef\" data-id=\"22ee66ef\" data-element_type=\"column\">\n\t\t\t<div class=\"elementor-widget-wrap elementor-element-populated\">\n\t\t\t\t\t\t<div class=\"elementor-element elementor-element-cba7d75 elementor-widget elementor-widget-text-editor\" data-id=\"cba7d75\" data-element_type=\"widget\" data-widget_type=\"text-editor.default\">\n\t\t\t\t<div class=\"elementor-widget-container\">\n\t\t\t\t\t\t\t\t\t<p>(English Below) \ud83c\uddf5\ud83c\uddf9<\/p>\n<p>\u00a0<\/p>\n<p>Na mais recente Assembleia Geral, a <strong>RuyDeLacerda<\/strong> apresentou o seu C\u00f3digo de Governo ESG \u2013 Ambiental, Social e de Governa\u00e7\u00e3o \u2013 assumindo formalmente um compromisso que, na pr\u00e1tica, sempre fez parte da sua identidade. Desde a sua funda\u00e7\u00e3o, muito antes do tema ESG ganhar visibilidade ou se tornar uma exig\u00eancia para as empresas, a RuyDeLacerda j\u00e1 promovia uma atua\u00e7\u00e3o respons\u00e1vel, com respeito pelas Pessoas, pelo Meio Ambiente e por uma gest\u00e3o \u00e9tica e transparente. O que hoje se formaliza em c\u00f3digos e regulamentos, sempre esteve no centro da forma como a empresa foi constru\u00edda e conduzida.<\/p>\n<p>Ao longo dos anos, esse compromisso traduziu-se em investimento cont\u00ednuo na moderniza\u00e7\u00e3o tecnol\u00f3gica e na transforma\u00e7\u00e3o digital, com uma cultura aberta \u00e0 inova\u00e7\u00e3o, orientada para o cliente e alicer\u00e7ada numa estrat\u00e9gia de parcerias duradouras. O investimento no ERP <strong>PHC Software<\/strong> permitiu eliminar o uso de papel e digitalizar os processos internos, promovendo maior efici\u00eancia e sustentabilidade. Ferramentas como o CRM dedicado vieram refor\u00e7ar a gest\u00e3o comercial e a proximidade ao mercado.<\/p>\n<p>\u00a0<\/p>\n<p>No pilar <strong>Ambiental (E) <\/strong>\ud83c\udf31, as a\u00e7\u00f5es falam por si. Desde a ado\u00e7\u00e3o da filosofia Kaizen at\u00e9 \u00e0 separa\u00e7\u00e3o de res\u00edduos e \u00e0 redu\u00e7\u00e3o de consumos energ\u00e9ticos e h\u00eddricos, passando pela instala\u00e7\u00e3o de pain\u00e9is solares de autoconsumo e empilhadores el\u00e9tricos, tudo reflete uma preocupa\u00e7\u00e3o constante com o impacto ambiental. Mais de 50% da frota da empresa j\u00e1 utiliza energia verde, com carregadores el\u00e9tricos instalados tanto na sede como nas resid\u00eancias dos colaboradores. A rede <strong>Mobi.e<\/strong> foi contratada para assegurar que a energia consumida \u00e9 faturada diretamente \u00e0 empresa. Obras de infraestrutura permitiram ainda a liga\u00e7\u00e3o ao coletor municipal de \u00e1guas residuais e a instala\u00e7\u00e3o de um sistema de tratamento de \u00e1guas &#8220;<strong>ENVIROChemie<\/strong>&#8220;.<\/p>\n<p>\u00a0<\/p>\n<p>No pilar <strong>Social (S) <\/strong>\ud83d\udc65, o foco s\u00e3o as Pessoas. Inspirada pelos exemplos do seu fundador, a empresa tem vindo a implementar pol\u00edticas internas e externas de responsabilidade social, com sal\u00e1rios dignos, apoio financeiro para mitigar os efeitos da infla\u00e7\u00e3o, condi\u00e7\u00f5es de trabalho flex\u00edveis e adequadas, e uma verdadeira concilia\u00e7\u00e3o entre vida profissional e familiar. A Certifica\u00e7\u00e3o <strong>EFR<\/strong> 1000-5, atribu\u00edda pela Funda\u00e7\u00e3o M\u00e1s Familia, confirma este compromisso. A forma\u00e7\u00e3o cont\u00ednua \u00e9 outro dos eixos centrais, com oportunidades em \u00e1reas como vendas, PNL e programas na Su\u00ed\u00e7a, valorizando o crescimento pessoal e profissional da equipa.<\/p>\n<p>\u00a0<\/p>\n<p>Na <strong>Governa\u00e7\u00e3o (G)<\/strong> \ud83c\udfdb\ufe0f, a empresa segue um modelo partilhado entre membros da Fam\u00edlia fundadora e profissionais externos, com cargos bem definidos \u2013 Presidente, Chairman, CEO, COO e CSO \u2013 reunidos num Conselho de Gest\u00e3o que garante clareza e continuidade. A comunica\u00e7\u00e3o interna \u00e9 estruturada e eficaz, com suporte digital atrav\u00e9s do ERP, ligando \u00e1reas como log\u00edstica, vendas e contabilidade. A seguran\u00e7a da informa\u00e7\u00e3o \u00e9 assegurada com c\u00f3pias de seguran\u00e7a di\u00e1rias e investimentos em ciberseguran\u00e7a.<\/p>\n<p>A transpar\u00eancia e a \u00e9tica s\u00e3o pilares estruturantes. A empresa segue um C\u00f3digo de \u00c9tica, est\u00e1 certificada pela <strong>SGS<\/strong> em Qualidade, adere ao Protocolo Familiar da <strong>EF Consulting<\/strong> e integra o <strong>Compromisso pagamento pontual<\/strong> , assegurando responsabilidade nas rela\u00e7\u00f5es com parceiros e fornecedores.<\/p>\n<p>Com este C\u00f3digo ESG, a RuyDeLacerda refor\u00e7a uma pr\u00e1tica de Dupla Materialidade, onde o impacto social e ambiental tem o mesmo peso que a sustentabilidade econ\u00f3mico-financeira de longo prazo.<\/p>\n<p>\u00a0<\/p>\n<p>Este caminho de coer\u00eancia e responsabilidade foi mais uma vez reconhecido em 2024, com a renova\u00e7\u00e3o do Estatuto de PME L\u00edder pelo <strong>IAPMEI<\/strong>, uma distin\u00e7\u00e3o que atesta a solidez financeira, a qualidade da gest\u00e3o e o contributo da empresa para o desenvolvimento econ\u00f3mico e social.<\/p>\n<p>Na RuyDeLacerda, o ESG n\u00e3o \u00e9 uma resposta \u00e0s exig\u00eancias do presente. \u00c9 uma pr\u00e1tica com ra\u00edzes no passado, que orienta o presente e prepara, com confian\u00e7a, o futuro.<\/p>\n\t\t\t\t\t\t\t\t<\/div>\n\t\t\t\t<\/div>\n\t\t\t\t\t<\/div>\n\t\t<\/div>\n\t\t\t\t\t<\/div>\n\t\t<\/section>\n\t\t<div class=\"elementor-element elementor-element-0acfde5 e-flex e-con-boxed qodef-elementor-content-no e-con e-parent\" data-id=\"0acfde5\" data-element_type=\"container\">\n\t\t\t\t\t<div class=\"e-con-inner\">\n\t\t\t\t<div class=\"elementor-element elementor-element-6f97308 elementor-widget-divider--view-line_icon elementor-view-default elementor-widget-divider--element-align-center elementor-widget elementor-widget-divider\" data-id=\"6f97308\" data-element_type=\"widget\" data-widget_type=\"divider.default\">\n\t\t\t\t<div class=\"elementor-widget-container\">\n\t\t\t\t\t\t\t<div class=\"elementor-divider\">\n\t\t\t<span class=\"elementor-divider-separator\">\n\t\t\t\t\t\t\t<div class=\"elementor-icon elementor-divider__element\">\n\t\t\t\t\t<svg xmlns=\"http:\/\/www.w3.org\/2000\/svg\" width=\"60\" height=\"68\" viewBox=\"0 0 60 68\" fill=\"none\"><g clip-path=\"url(#clip0_16_2821)\"><path fill-rule=\"evenodd\" clip-rule=\"evenodd\" d=\"M5.92 17.48L27.59 4.92003C26.39 4.15003 25.73 2.93003 25.75 1.66003L4.09 14.29C5.18 15.04 5.86 16.07 5.91 17.48\" fill=\"#D39620\"><\/path><path fill-rule=\"evenodd\" clip-rule=\"evenodd\" d=\"M33.69 1.66003L55.36 14.22C54.16 14.99 53.5 16.21 53.52 17.48L31.87 4.86003C32.96 4.11003 33.64 3.08003 33.69 1.67003\" fill=\"#D39620\"><\/path><path fill-rule=\"evenodd\" clip-rule=\"evenodd\" d=\"M56.38 52.73L33.62 66.03C33.54 64.61 33.12 63.36 31.95 62.51L53.7 49.91C53.82 51.23 55.09 52.22 56.38 52.72\" fill=\"#D39620\"><\/path><path fill-rule=\"evenodd\" clip-rule=\"evenodd\" d=\"M27.64 62.58L5.7 49.73C5.62 51.15 4.29 51.85 3.13 52.7L25.64 65.79C25.76 64.47 26.35 63.08 27.64 62.58Z\" fill=\"#D39620\"><\/path><path fill-rule=\"evenodd\" clip-rule=\"evenodd\" d=\"M3.82 45.66L3.74 21.29C2.48 21.93 1.09 21.9 0 21.27L0.14 45.66C1.34 45.1 2.56 45.03 3.82 45.66Z\" fill=\"#D39620\"><\/path><path fill-rule=\"evenodd\" clip-rule=\"evenodd\" d=\"M59.63 45.66L59.55 21.29C58.29 21.93 56.9 21.9 55.81 21.27L55.95 45.66C57.15 45.1 58.37 45.03 59.63 45.66Z\" fill=\"#D39620\"><\/path><path d=\"M14.39 29.26C13.49 29.26 12.4 29.27 11.1 29.27L11.06 35.6L14.57 35.55C19.11 35.61 18.99 29.48 14.39 29.26ZM16.81 43.27L13.8 38.41H11.1V43.25H8.35999V26.67H14.42C15.7 26.67 16.81 26.91 17.76 27.38C18.71 27.85 19.43 28.53 19.94 29.42C20.45 30.3 20.7 31.35 20.7 32.57C20.7 33.79 20.43 34.89 19.89 35.79C19.35 36.69 18.57 37.36 17.56 37.8L20.95 43.25L16.81 43.27Z\" fill=\"#D39620\"><\/path><path d=\"M29.7 40.56C30.82 40.56 31.8 40.33 32.65 39.86C33.5 39.39 34.15 38.73 34.61 37.86C35.07 37 35.3 35.99 35.3 34.85C35.3 33.71 35.07 32.71 34.61 31.84C34.15 30.98 33.5 30.31 32.65 29.84C31.8 29.37 30.81 29.14 29.7 29.14H25.99V40.55H29.7V40.56ZM23.16 26.53H29.83C31.46 26.53 32.9 26.87 34.17 27.56C35.43 28.25 36.42 29.22 37.11 30.48C37.81 31.74 38.16 33.19 38.16 34.84C38.16 36.49 37.81 37.94 37.11 39.2C36.41 40.46 35.43 41.43 34.17 42.12C32.91 42.81 31.46 43.15 29.83 43.15H23.16V26.51V26.53Z\" fill=\"#D39620\"><\/path><path d=\"M41.26 26.53H44.09V40.56L52.61 40.58V43.19L41.26 43.17V26.53Z\" fill=\"#D39620\"><\/path><path fill-rule=\"evenodd\" clip-rule=\"evenodd\" d=\"M57.23 15.6899C58.18 15.6899 58.95 16.4899 58.95 17.4899C58.95 18.4899 58.18 19.2899 57.23 19.2899C56.28 19.2899 55.51 18.4899 55.51 17.4899C55.51 16.4899 56.28 15.6899 57.23 15.6899Z\" fill=\"#D39620\"><\/path><path fill-rule=\"evenodd\" clip-rule=\"evenodd\" d=\"M57.23 47.0601C58.18 47.0601 58.95 47.8601 58.95 48.8601C58.95 49.8601 58.18 50.6601 57.23 50.6601C56.28 50.6601 55.51 49.8601 55.51 48.8601C55.51 47.8601 56.28 47.0601 57.23 47.0601Z\" fill=\"#D39620\"><\/path><path fill-rule=\"evenodd\" clip-rule=\"evenodd\" d=\"M2.01999 15.6899C2.96999 15.6899 3.73999 16.4899 3.73999 17.4899C3.73999 18.4899 2.96999 19.2899 2.01999 19.2899C1.06999 19.2899 0.299988 18.4899 0.299988 17.4899C0.299988 16.4899 1.06999 15.6899 2.01999 15.6899Z\" fill=\"#D39620\"><\/path><path fill-rule=\"evenodd\" clip-rule=\"evenodd\" d=\"M2.01999 47.0601C2.96999 47.0601 3.73999 47.8601 3.73999 48.8601C3.73999 49.8601 2.96999 50.6601 2.01999 50.6601C1.06999 50.6601 0.299988 49.8601 0.299988 48.8601C0.299988 47.8601 1.06999 47.0601 2.01999 47.0601Z\" fill=\"#D39620\"><\/path><path fill-rule=\"evenodd\" clip-rule=\"evenodd\" d=\"M29.78 63.95C30.73 63.95 31.5 64.75 31.5 65.75C31.5 66.75 30.73 67.55 29.78 67.55C28.83 67.55 28.06 66.75 28.06 65.75C28.06 64.75 28.83 63.95 29.78 63.95Z\" fill=\"#D39620\"><\/path><path fill-rule=\"evenodd\" clip-rule=\"evenodd\" d=\"M29.78 0C30.73 0 31.5 0.8 31.5 1.8C31.5 2.8 30.73 3.6 29.78 3.6C28.83 3.6 28.06 2.8 28.06 1.8C28.06 0.8 28.83 0 29.78 0Z\" fill=\"#D39620\"><\/path><\/g><defs><clipPath id=\"clip0_16_2821\"><rect width=\"59.63\" height=\"67.54\" fill=\"white\"><\/rect><\/clipPath><\/defs><\/svg><\/div>\n\t\t\t\t\t\t<\/span>\n\t\t<\/div>\n\t\t\t\t\t\t<\/div>\n\t\t\t\t<\/div>\n\t\t\t\t\t<\/div>\n\t\t\t\t<\/div>\n\t\t\t\t<section class=\"elementor-section elementor-top-section elementor-element elementor-element-662db0b elementor-section-full_width elementor-section-height-default elementor-section-height-default qodef-elementor-content-no\" data-id=\"662db0b\" data-element_type=\"section\">\n\t\t\t\t\t\t<div class=\"elementor-container elementor-column-gap-default\">\n\t\t\t\t\t<div class=\"elementor-column elementor-col-100 elementor-top-column elementor-element elementor-element-7f4dd06\" data-id=\"7f4dd06\" data-element_type=\"column\">\n\t\t\t<div class=\"elementor-widget-wrap elementor-element-populated\">\n\t\t\t\t\t\t<div class=\"elementor-element elementor-element-a845236 elementor-widget elementor-widget-text-editor\" data-id=\"a845236\" data-element_type=\"widget\" data-widget_type=\"text-editor.default\">\n\t\t\t\t<div class=\"elementor-widget-container\">\n\t\t\t\t\t\t\t\t\t<p>\ud83c\uddec\ud83c\udde7<\/p>\n<p><strong>Commitment to Sustainability: RuyDeLacerda&#8217;s ESG Governance Code<\/strong><\/p>\n<p>\u00a0<\/p>\n<p>At its most recent General Assembly, RuyDeLacerda presented its ESG Governance Code \u2013 Environmental, Social and Governance \u2013 formally reinforcing a commitment that, in practice, has always been part of its identity.<\/p>\n<p>Since its foundation, long before ESG became visible or a requirement for companies, RuyDeLacerda has promoted responsible practices, with respect for People, the Environment, and ethical and transparent management. What is now formalized through codes and regulations has always been at the heart of how the company was built and has been run.<\/p>\n<p>Over the years, this commitment has translated into continuous investment in technological modernization and digital transformation, with a culture open to innovation, customer-oriented, and anchored in a strategy of long-term partnerships. Investment in the PHC Software ERP system allowed the company to eliminate paper use and digitize internal processes, promoting greater efficiency and sustainability. Tools such as a dedicated CRM system further enhanced commercial management and market proximity.<\/p>\n<p>\u00a0<\/p>\n<p>In the <strong>Environmental (E)<\/strong> pillar \ud83c\udf31, actions speak for themselves. From adopting the Kaizen philosophy to waste separation and reducing energy and water consumption, to installing self-consumption solar panels and electric forklifts, every initiative reflects a constant concern for environmental impact. Over 50% of the company\u2019s fleet already runs on green energy, with electric chargers installed both at headquarters and at employees\u2019 homes. The Mobi.e network was contracted to ensure that the energy consumed is billed directly to the company. Infrastructure work also enabled a direct connection to the municipal wastewater collector and the installation of a water treatment system by ENVIROChemie.<\/p>\n<p>\u00a0<\/p>\n<p>In the <strong>Social (S)<\/strong> pillar \ud83d\udc65, the focus is on People. Inspired by the example of its founder, the company has implemented both internal and external social responsibility policies, offering fair wages, financial support to offset inflation, flexible and appropriate working conditions, and a genuine work-life balance. The EFR 1000-5 Certification, awarded by the M\u00e1s Familia Foundation, confirms this commitment. Ongoing training is also a key part of the company\u2019s strategy, with opportunities in areas such as sales, NLP, and international programmes in Switzerland that foster both personal and professional growth.<\/p>\n<p>\u00a0<\/p>\n<p>In the <strong>Governance (G)<\/strong> pillar \ud83c\udfdb\ufe0f, the company follows a shared leadership model between founding family members and external professionals, with clearly defined roles \u2013 President, Chairman, CEO, COO and CSO \u2013 forming a Management Board that ensures clarity and continuity. Internal communication is structured and efficient, supported by the ERP system that connects areas like logistics, sales, and accounting. Information security is ensured through daily backups and investments in advanced cybersecurity.<\/p>\n<p>Transparency and ethics are foundational pillars. The company adheres to a Code of Ethics, is certified in Quality by SGS, follows a Family Protocol developed with EF Consulting, and is committed to the Prompt Payment Commitment to suppliers and partners.<\/p>\n<p>Through this ESG Code, RuyDeLacerda reinforces its practice of Double Materiality, where social and environmental impact is given equal importance to long-term economic and financial sustainability.<\/p>\n<p>\u00a0<\/p>\n<p>This path of consistency and responsibility was once again recognised in 2024, with the renewal of the PME Leader Status by IAPMEI, a distinction that reflects the company\u2019s financial soundness, quality of management, and contribution to economic and social development.<\/p>\n<p>At RuyDeLacerda, ESG is not a reaction to today\u2019s requirements. It is a practice rooted in the past, guiding the present and preparing, confidently, for the future.<\/p>\n\t\t\t\t\t\t\t\t<\/div>\n\t\t\t\t<\/div>\n\t\t\t\t\t<\/div>\n\t\t<\/div>\n\t\t\t\t\t<\/div>\n\t\t<\/section>\n\t\t<div class=\"elementor-element elementor-element-010ec74 e-flex e-con-boxed qodef-elementor-content-no e-con e-parent\" data-id=\"010ec74\" data-element_type=\"container\">\n\t\t\t\t\t<div class=\"e-con-inner\">\n\t\t\t\t\t<\/div>\n\t\t\t\t<\/div>\n\t\t\t\t<\/div>\n\t\t","protected":false},"excerpt":{"rendered":"<p>At the most recent General Assembly, RuyDeLacerda presented its ESG Governance Code \u2013 Environmental, Social and Governance \u2013 formally assuming a commitment that, in practice, has always been part of its identity. Since its foundation, long before ESG became visible or a requirement for companies, RuyDeLacerda was already promoting responsible action\u2026<\/p>\n","protected":false},"author":2,"featured_media":13734,"comment_status":"closed","ping_status":"closed","sticky":false,"template":"","format":"standard","meta":{"_acf_changed":false,"_joinchat":[],"footnotes":""},"categories":[181],"tags":[],"class_list":["post-14722","post","type-post","status-publish","format-standard","has-post-thumbnail","hentry","category-rdl-institutional"],"acf":[],"_links":{"self":[{"href":"https:\/\/www.ruydelacerda.pt\/en\/wp-json\/wp\/v2\/posts\/14722","targetHints":{"allow":["GET"]}}],"collection":[{"href":"https:\/\/www.ruydelacerda.pt\/en\/wp-json\/wp\/v2\/posts"}],"about":[{"href":"https:\/\/www.ruydelacerda.pt\/en\/wp-json\/wp\/v2\/types\/post"}],"author":[{"embeddable":true,"href":"https:\/\/www.ruydelacerda.pt\/en\/wp-json\/wp\/v2\/users\/2"}],"replies":[{"embeddable":true,"href":"https:\/\/www.ruydelacerda.pt\/en\/wp-json\/wp\/v2\/comments?post=14722"}],"version-history":[{"count":1,"href":"https:\/\/www.ruydelacerda.pt\/en\/wp-json\/wp\/v2\/posts\/14722\/revisions"}],"predecessor-version":[{"id":14723,"href":"https:\/\/www.ruydelacerda.pt\/en\/wp-json\/wp\/v2\/posts\/14722\/revisions\/14723"}],"wp:featuredmedia":[{"embeddable":true,"href":"https:\/\/www.ruydelacerda.pt\/en\/wp-json\/wp\/v2\/media\/13734"}],"wp:attachment":[{"href":"https:\/\/www.ruydelacerda.pt\/en\/wp-json\/wp\/v2\/media?parent=14722"}],"wp:term":[{"taxonomy":"category","embeddable":true,"href":"https:\/\/www.ruydelacerda.pt\/en\/wp-json\/wp\/v2\/categories?post=14722"},{"taxonomy":"post_tag","embeddable":true,"href":"https:\/\/www.ruydelacerda.pt\/en\/wp-json\/wp\/v2\/tags?post=14722"}],"curies":[{"name":"wp","href":"https:\/\/api.w.org\/{rel}","templated":true}]}}