{"id":14732,"date":"2025-01-17T07:00:53","date_gmt":"2025-01-17T07:00:53","guid":{"rendered":"https:\/\/www.ruydelacerda.pt\/vasco-oliveira-a-journey-of-growth-and-dedication-at-ruy-de-lacerda\/"},"modified":"2025-11-28T14:16:59","modified_gmt":"2025-11-28T14:16:59","slug":"vasco-oliveira-a-journey-of-growth-and-dedication-at-ruy-de-lacerda","status":"publish","type":"post","link":"https:\/\/www.ruydelacerda.pt\/en\/vasco-oliveira-a-journey-of-growth-and-dedication-at-ruy-de-lacerda\/","title":{"rendered":"Vasco Oliveira: A Journey of Growth and Dedication at Ruy de Lacerda"},"content":{"rendered":"\t\t<div data-elementor-type=\"wp-post\" data-elementor-id=\"14732\" class=\"elementor elementor-14732 elementor-13777\">\n\t\t\t\t\t\t<section class=\"elementor-section elementor-top-section elementor-element elementor-element-3a875029 elementor-section-full_width elementor-section-height-default elementor-section-height-default qodef-elementor-content-no\" data-id=\"3a875029\" data-element_type=\"section\">\n\t\t\t\t\t\t<div class=\"elementor-container elementor-column-gap-default\">\n\t\t\t\t\t<div class=\"elementor-column elementor-col-100 elementor-top-column elementor-element elementor-element-22ee66ef\" data-id=\"22ee66ef\" data-element_type=\"column\">\n\t\t\t<div class=\"elementor-widget-wrap elementor-element-populated\">\n\t\t\t\t\t\t<div class=\"elementor-element elementor-element-cba7d75 elementor-widget elementor-widget-text-editor\" data-id=\"cba7d75\" data-element_type=\"widget\" data-widget_type=\"text-editor.default\">\n\t\t\t\t<div class=\"elementor-widget-container\">\n\t\t\t\t\t\t\t\t\t<p>(English Below) \ud83c\uddf5\ud83c\uddf9<\/p>\n<p><strong>&#8220;Quem \u00e9 Quem&#8221;<\/strong><\/p>\n<p>Hoje destacamos a parceria que estabelecemos com o <strong>Vasco Oliveira<\/strong>. H\u00e1 15 anos, Vasco Oliveira entrou na <strong>Ruy de Lacerda <\/strong>como t\u00e9cnico-comercial e, desde ent\u00e3o, trilhou um caminho de desenvolvimento cont\u00ednuo. Atualmente, \u00e9 Business Development Manager, operando em diversas ind\u00fastrias, desde a \u00e1rea Gr\u00e1fico Industrial, \u00e0 Manuten\u00e7\u00e3o Industrial. \u201cTenho como responsabilidade a gest\u00e3o de projectos e consultoria t\u00e9cnica tanto em consum\u00edveis como equipamentos, tendo tamb\u00e9m um papel na implementa\u00e7\u00e3o e suporte t\u00e9cnico junto dos clientes\u201d, explica Vasco, resumindo o papel que desempenha com entusiasmo e profissionalismo.<\/p>\n<p>A liga\u00e7\u00e3o de Vasco \u00e0 Ruy de Lacerda come\u00e7ou durante a Licenciatura de Design, Tecnologias e Artes Gr\u00e1ficas quando conheceu a empresa, que se destacava pelo seu contributo no setor industrial. \u201cFoi ap\u00f3s a finaliza\u00e7\u00e3o da Licenciatura de Design, Tecnologias e Artes Gr\u00e1ficas que tomei uma das maiores decis\u00f5es da minha vida ao candidatar-me a um est\u00e1gio e ter oportunidade de ingressar na \u201cfam\u00edlia\u201d Ruy de Lacerda.\u201d, relembra.<\/p>\n<p>Vasco refor\u00e7a o forte desejo que tinha de se juntar \u00e0 Ruy de Lacerda: \u201cRecordo-me perfeitamente quando me perguntaram na faculdade qual seriam as 6 empresas que teria ideia de estagiar, e ao entregar o formul\u00e1rio terei preenchido as 6 op\u00e7\u00f5es somente com o nome da Ruy de Lacerda.\u201d<\/p>\n<p><strong>O Que Mais Gosta no Trabalho e na Ruy de Lacerda<\/strong><\/p>\n<p><strong>\u00a0<\/strong><\/p>\n<p>Para Vasco, a diversifica\u00e7\u00e3o do trabalho \u00e9 o que torna a sua experi\u00eancia \u00fanica e o que o motiva no seu dia a dia. \u201cAo enveredar na Ruy de Lacerda tive o exemplo que diversifica\u00e7\u00e3o traz toda uma din\u00e2mica no nosso dia-a-dia, tendo a possibilidade de ter um cont\u00ednuo crescimento\/aprendizagem em v\u00e1rios processos existentes nas mais diversas \u00e1reas de neg\u00f3cio.\u201d Ele tamb\u00e9m destaca o prazer de participar no desenvolvimento de solu\u00e7\u00f5es e projetos que fazem a diferen\u00e7a para os clientes: \u201cSabermos que todos os dias podemos aprender algo novo \u00e9 excecional nos dias de hoje.\u201d<\/p>\n<p><strong>Momentos Inesquec\u00edveis<\/strong><\/p>\n<p><strong>\u00a0<\/strong><\/p>\n<p>Ao longo dos anos, v\u00e1rios momentos marcaram a trajet\u00f3ria de Vasco na Ruy de Lacerda. \u201cUm dos momentos marcantes foi o dia em que o <strong>Sr. David Zamith<\/strong> antes da finaliza\u00e7\u00e3o do estagio me convida a visitar 3 dos principais parceiros europeus permitindo terminar o estagio e ingressar na empresa, lembro-me como se fosse hoje.\u201d, recorda Vasco Oliveira.<\/p>\n<p>Outro momento significativo foi o sucesso de um grande projeto no setor autom\u00f3vel, que, ao fim de meses de trabalho, foi conclu\u00eddo com sucesso.<\/p>\n<p><strong>Hobbies e Interesses Fora do Trabalho<\/strong><\/p>\n<p><strong>\u00a0<\/strong><\/p>\n<p>Fora da vida profissional, Vasco valoriza o tempo com a fam\u00edlia e os momentos na natureza. \u201cPrezo o momento de estar com a fam\u00edlia e desfrutar os melhores momentos que a vida pode proporcionar no seio dela.\u201d<\/p>\n<p>Ele tamb\u00e9m combina o gosto pela fotografia com a pr\u00e1tica de desporto, especialmente BTT, explorando variados cen\u00e1rios da natureza.<\/p>\n<p><strong>Melhor Conselho Profissional na Ruy de Lacerda<\/strong><\/p>\n<p><strong>\u00a0<\/strong><\/p>\n<p>Vasco recorda-se de uma frase marcante do Sr. David Zamith durante uma apresenta\u00e7\u00e3o: \u201cEscolhe um trabalho de que gostes e n\u00e3o ter\u00e1s que trabalhar nem um dia na tua vida.\u201d Para Vasco Oliveira, esta cita\u00e7\u00e3o reflete a ess\u00eancia de trabalhar na Ruy de Lacerda.<\/p>\n<p>\u201cNa vida como nos neg\u00f3cios devemos encarar com positividade e confian\u00e7a, mantendo pondera\u00e7\u00e3o e equil\u00edbrio em tudo o que desenvolvemos\u201d Esta filosofia ajudou Vasco na sua vida quotidiana, para al\u00e9m da profissional.<\/p>\n<p><strong>Impacto da Ruy de Lacerda na Sua Trajet\u00f3ria<\/strong><\/p>\n<p><strong>\u00a0<\/strong><\/p>\n<p>Para Vasco Oliveira, a Ruy de Lacerda, \u00e9 uma empresa alicer\u00e7ada em valores humanos e \u00e9ticos, tanto nos neg\u00f3cios quanto na rela\u00e7\u00e3o com as pessoas. \u201cNuma organiza\u00e7\u00e3o que pensa com os seus colaboradores e partilha com eles o sucesso e a riqueza que \u00e9 produzir com orgulho um pilar de refer\u00eancia na ind\u00fastria (&#8230;) continuam a proporcionar-me um sentimento de crescimento, agradecimento, felicidade e de estar no lugar certo.\u201d Ele acredita que a determina\u00e7\u00e3o, coragem e perseveran\u00e7a que a empresa cultiva o ajudam a crescer a n\u00edvel pessoal e profissional.<\/p>\n<p><strong>O Futuro de Vasco Oliveira na Ruy de Lacerda<\/strong><\/p>\n<p><strong>\u00a0<\/strong><\/p>\n<p>O caminho de Vasco Oliveira na Ruy de Lacerda demonstra como uma empresa pode incentivar o crescimento e valorizar os seus colaboradores. Com um forte compromisso com os clientes e alinhamento com os valores da empresa, Vasco representa a ess\u00eancia da cultura que faz da Ruy de Lacerda uma refer\u00eancia no setor industrial.<\/p>\n<p>Temos orgulho de contar com membros como o Vasco na nossa equipa, que nos ajudam a exceder diariamente as expectativas dos nossos parceiros e clientes, de forma a lhes levar o melhor servi\u00e7o, solu\u00e7\u00f5es e produtos, para apoiar a ind\u00fastria em Portugal.<\/p>\n\t\t\t\t\t\t\t\t<\/div>\n\t\t\t\t<\/div>\n\t\t\t\t\t<\/div>\n\t\t<\/div>\n\t\t\t\t\t<\/div>\n\t\t<\/section>\n\t\t<div class=\"elementor-element elementor-element-0acfde5 e-flex e-con-boxed qodef-elementor-content-no e-con e-parent\" data-id=\"0acfde5\" data-element_type=\"container\">\n\t\t\t\t\t<div class=\"e-con-inner\">\n\t\t\t\t<div class=\"elementor-element elementor-element-6f97308 elementor-widget-divider--view-line_icon elementor-view-default elementor-widget-divider--element-align-center elementor-widget elementor-widget-divider\" data-id=\"6f97308\" data-element_type=\"widget\" data-widget_type=\"divider.default\">\n\t\t\t\t<div class=\"elementor-widget-container\">\n\t\t\t\t\t\t\t<div class=\"elementor-divider\">\n\t\t\t<span class=\"elementor-divider-separator\">\n\t\t\t\t\t\t\t<div class=\"elementor-icon elementor-divider__element\">\n\t\t\t\t\t<svg xmlns=\"http:\/\/www.w3.org\/2000\/svg\" width=\"60\" height=\"68\" viewBox=\"0 0 60 68\" fill=\"none\"><g clip-path=\"url(#clip0_16_2821)\"><path fill-rule=\"evenodd\" clip-rule=\"evenodd\" d=\"M5.92 17.48L27.59 4.92003C26.39 4.15003 25.73 2.93003 25.75 1.66003L4.09 14.29C5.18 15.04 5.86 16.07 5.91 17.48\" fill=\"#D39620\"><\/path><path fill-rule=\"evenodd\" clip-rule=\"evenodd\" d=\"M33.69 1.66003L55.36 14.22C54.16 14.99 53.5 16.21 53.52 17.48L31.87 4.86003C32.96 4.11003 33.64 3.08003 33.69 1.67003\" fill=\"#D39620\"><\/path><path fill-rule=\"evenodd\" clip-rule=\"evenodd\" d=\"M56.38 52.73L33.62 66.03C33.54 64.61 33.12 63.36 31.95 62.51L53.7 49.91C53.82 51.23 55.09 52.22 56.38 52.72\" fill=\"#D39620\"><\/path><path fill-rule=\"evenodd\" clip-rule=\"evenodd\" d=\"M27.64 62.58L5.7 49.73C5.62 51.15 4.29 51.85 3.13 52.7L25.64 65.79C25.76 64.47 26.35 63.08 27.64 62.58Z\" fill=\"#D39620\"><\/path><path fill-rule=\"evenodd\" clip-rule=\"evenodd\" d=\"M3.82 45.66L3.74 21.29C2.48 21.93 1.09 21.9 0 21.27L0.14 45.66C1.34 45.1 2.56 45.03 3.82 45.66Z\" fill=\"#D39620\"><\/path><path fill-rule=\"evenodd\" clip-rule=\"evenodd\" d=\"M59.63 45.66L59.55 21.29C58.29 21.93 56.9 21.9 55.81 21.27L55.95 45.66C57.15 45.1 58.37 45.03 59.63 45.66Z\" fill=\"#D39620\"><\/path><path d=\"M14.39 29.26C13.49 29.26 12.4 29.27 11.1 29.27L11.06 35.6L14.57 35.55C19.11 35.61 18.99 29.48 14.39 29.26ZM16.81 43.27L13.8 38.41H11.1V43.25H8.35999V26.67H14.42C15.7 26.67 16.81 26.91 17.76 27.38C18.71 27.85 19.43 28.53 19.94 29.42C20.45 30.3 20.7 31.35 20.7 32.57C20.7 33.79 20.43 34.89 19.89 35.79C19.35 36.69 18.57 37.36 17.56 37.8L20.95 43.25L16.81 43.27Z\" fill=\"#D39620\"><\/path><path d=\"M29.7 40.56C30.82 40.56 31.8 40.33 32.65 39.86C33.5 39.39 34.15 38.73 34.61 37.86C35.07 37 35.3 35.99 35.3 34.85C35.3 33.71 35.07 32.71 34.61 31.84C34.15 30.98 33.5 30.31 32.65 29.84C31.8 29.37 30.81 29.14 29.7 29.14H25.99V40.55H29.7V40.56ZM23.16 26.53H29.83C31.46 26.53 32.9 26.87 34.17 27.56C35.43 28.25 36.42 29.22 37.11 30.48C37.81 31.74 38.16 33.19 38.16 34.84C38.16 36.49 37.81 37.94 37.11 39.2C36.41 40.46 35.43 41.43 34.17 42.12C32.91 42.81 31.46 43.15 29.83 43.15H23.16V26.51V26.53Z\" fill=\"#D39620\"><\/path><path d=\"M41.26 26.53H44.09V40.56L52.61 40.58V43.19L41.26 43.17V26.53Z\" fill=\"#D39620\"><\/path><path fill-rule=\"evenodd\" clip-rule=\"evenodd\" d=\"M57.23 15.6899C58.18 15.6899 58.95 16.4899 58.95 17.4899C58.95 18.4899 58.18 19.2899 57.23 19.2899C56.28 19.2899 55.51 18.4899 55.51 17.4899C55.51 16.4899 56.28 15.6899 57.23 15.6899Z\" fill=\"#D39620\"><\/path><path fill-rule=\"evenodd\" clip-rule=\"evenodd\" d=\"M57.23 47.0601C58.18 47.0601 58.95 47.8601 58.95 48.8601C58.95 49.8601 58.18 50.6601 57.23 50.6601C56.28 50.6601 55.51 49.8601 55.51 48.8601C55.51 47.8601 56.28 47.0601 57.23 47.0601Z\" fill=\"#D39620\"><\/path><path fill-rule=\"evenodd\" clip-rule=\"evenodd\" d=\"M2.01999 15.6899C2.96999 15.6899 3.73999 16.4899 3.73999 17.4899C3.73999 18.4899 2.96999 19.2899 2.01999 19.2899C1.06999 19.2899 0.299988 18.4899 0.299988 17.4899C0.299988 16.4899 1.06999 15.6899 2.01999 15.6899Z\" fill=\"#D39620\"><\/path><path fill-rule=\"evenodd\" clip-rule=\"evenodd\" d=\"M2.01999 47.0601C2.96999 47.0601 3.73999 47.8601 3.73999 48.8601C3.73999 49.8601 2.96999 50.6601 2.01999 50.6601C1.06999 50.6601 0.299988 49.8601 0.299988 48.8601C0.299988 47.8601 1.06999 47.0601 2.01999 47.0601Z\" fill=\"#D39620\"><\/path><path fill-rule=\"evenodd\" clip-rule=\"evenodd\" d=\"M29.78 63.95C30.73 63.95 31.5 64.75 31.5 65.75C31.5 66.75 30.73 67.55 29.78 67.55C28.83 67.55 28.06 66.75 28.06 65.75C28.06 64.75 28.83 63.95 29.78 63.95Z\" fill=\"#D39620\"><\/path><path fill-rule=\"evenodd\" clip-rule=\"evenodd\" d=\"M29.78 0C30.73 0 31.5 0.8 31.5 1.8C31.5 2.8 30.73 3.6 29.78 3.6C28.83 3.6 28.06 2.8 28.06 1.8C28.06 0.8 28.83 0 29.78 0Z\" fill=\"#D39620\"><\/path><\/g><defs><clipPath id=\"clip0_16_2821\"><rect width=\"59.63\" height=\"67.54\" fill=\"white\"><\/rect><\/clipPath><\/defs><\/svg><\/div>\n\t\t\t\t\t\t<\/span>\n\t\t<\/div>\n\t\t\t\t\t\t<\/div>\n\t\t\t\t<\/div>\n\t\t\t\t\t<\/div>\n\t\t\t\t<\/div>\n\t\t\t\t<section class=\"elementor-section elementor-top-section elementor-element elementor-element-662db0b elementor-section-full_width elementor-section-height-default elementor-section-height-default qodef-elementor-content-no\" data-id=\"662db0b\" data-element_type=\"section\">\n\t\t\t\t\t\t<div class=\"elementor-container elementor-column-gap-default\">\n\t\t\t\t\t<div class=\"elementor-column elementor-col-100 elementor-top-column elementor-element elementor-element-7f4dd06\" data-id=\"7f4dd06\" data-element_type=\"column\">\n\t\t\t<div class=\"elementor-widget-wrap elementor-element-populated\">\n\t\t\t\t\t\t<div class=\"elementor-element elementor-element-a845236 elementor-widget elementor-widget-text-editor\" data-id=\"a845236\" data-element_type=\"widget\" data-widget_type=\"text-editor.default\">\n\t\t\t\t<div class=\"elementor-widget-container\">\n\t\t\t\t\t\t\t\t\t<p>\ud83c\uddec\ud83c\udde7<\/p>\n<p><strong>&#8220;Who is Who&#8221;<\/strong><\/p>\n<p><strong>Vasco Oliveira: A Journey of Growth and Dedication at Ruy de Lacerda<\/strong><\/p>\n<p><strong>\u00a0<\/strong><\/p>\n<p>Today we&#8217;re highlighting the partnership we&#8217;ve established with Vasco Oliveira. Vasco Oliveira joined Ruy de Lacerda 15 years ago as a sales technician and has since travelled a path of continuous development. He is currently Business Development Manager, working in various industries, from Industrial Graphics to Industrial Maintenance. \u2018I&#8217;m responsible for project management and technical consultancy on both consumables and equipment, and I also play a role in implementation and technical support for clients,\u2019 explains Vasco, summarising his role with enthusiasm and professionalism.<\/p>\n<p>Vasco&#8217;s connection with Ruy de Lacerda began during his degree in Design, Technology and Graphic Arts when he learnt about the company, which stood out for its contribution to the industrial sector. \u2018It was after finalising my degree in Design, Technology and Graphic Arts that I made one of the biggest decisions of my life when I applied for an internship and had the opportunity to join the Ruy de Lacerda \u2018family\u2019,\u2019 he recalls.<\/p>\n<p>Vasco reinforces the strong desire he had to join Ruy de Lacerda: \u2018I remember vividly when I was asked at university which 6 companies I would like to work for, and when I handed in the form I filled in all 6 options with just the name Ruy de Lacerda.\u2019<\/p>\n<p><strong>What He Likes Most About Work and Ruy de Lacerda<\/strong><\/p>\n<p><strong>\u00a0<\/strong><\/p>\n<p>For Vasco, the diversification of his work is what makes his experience unique and what motivates him on a daily basis. \u2018When I joined Ruy de Lacerda, I learnt that diversification brings a whole dynamic to our day-to-day work, with the possibility of continuous growth\/learning in various processes in the most diverse areas of the business.\u2019 He also emphasises the pleasure of participating in the development of solutions and projects that make a difference for clients: \u2018Knowing that we can learn something new every day is exceptional these days.\u2019<\/p>\n<p><strong>Unforgettable moments<\/strong><\/p>\n<p><strong>\u00a0<\/strong><\/p>\n<p>Over the years, several moments have marked Vasco&#8217;s career at Ruy de Lacerda. \u2018One of the most memorable moments was the day when Mr David Zamith invited me to visit 3 of the main European partners before the end of my internship, allowing me to finish my internship and join the company. I remember it as if it were today,\u2019 recalls Vasco Oliveira.<\/p>\n<p>Another significant moment was the success of a major project in the automotive sector, which, after months of work, was successfully completed.<\/p>\n<p><strong>Hobbies and Interests Outside of Work<\/strong><\/p>\n<p><strong>\u00a0<\/strong><\/p>\n<p>Outside of work, Vasco values time with his family and moments in nature. \u2018I cherish being with my family and enjoying the best moments that life can offer.\u2019<\/p>\n<p>He also combines his love of photography with the practice of sport, especially mountain biking, exploring various natural settings.<\/p>\n<p><strong>Best Professional Council at Ruy de Lacerda<\/strong><\/p>\n<p><strong>\u00a0<\/strong><\/p>\n<p>Vasco remembers a striking quote from Mr David Zamith during a presentation: \u2018Choose a job you love and you won&#8217;t have to work a day in your life.\u2019 For Vasco Oliveira, this quote reflects the essence of working at Ruy de Lacerda.<\/p>\n<p>\u2018In life, as in business, we must approach it with positivity and confidence, keeping thoughtfulness and balance in everything we do.\u2019 This philosophy has helped Vasco in his daily life, as well as his professional life.<\/p>\n<p><strong>Ruy de Lacerda&#8217;s Impact on Your Career<\/strong><\/p>\n<p><strong>\u00a0<\/strong><\/p>\n<p>For Vasco Oliveira, Ruy de Lacerda is a company founded on human and ethical values, both in business and in its relationship with people. \u2018In an organisation that thinks with its employees and shares with them the success and wealth that is proudly producing a pillar of reference in the industry (&#8230;) they continue to give me a feeling of growth, gratitude, happiness and of being in the right place.\u2019 He believes that the determination, courage and perseverance that the company cultivates help him grow personally and professionally.<\/p>\n<p><strong>Vasco Oliveira&#8217;s future at Ruy de Lacerda<\/strong><\/p>\n<p><strong>\u00a0<\/strong><\/p>\n<p>Vasco Oliveira&#8217;s path at Ruy de Lacerda demonstrates how a company can encourage growth and value its employees. With a strong commitment to customers and alignment with the company&#8217;s values, Vasco represents the essence of the culture that makes Ruy de Lacerda a benchmark in the industrial sector.<\/p>\n<p>We are proud to have members like Vasco on our team, who help us exceed the expectations of our partners and clients on a daily basis in order to bring them the best service, solutions and products to support industry in Portugal.<\/p>\n\t\t\t\t\t\t\t\t<\/div>\n\t\t\t\t<\/div>\n\t\t\t\t\t<\/div>\n\t\t<\/div>\n\t\t\t\t\t<\/div>\n\t\t<\/section>\n\t\t<div class=\"elementor-element elementor-element-010ec74 e-flex e-con-boxed qodef-elementor-content-no e-con e-parent\" data-id=\"010ec74\" data-element_type=\"container\">\n\t\t\t\t\t<div class=\"e-con-inner\">\n\t\t\t\t\t<\/div>\n\t\t\t\t<\/div>\n\t\t\t\t<\/div>\n\t\t","protected":false},"excerpt":{"rendered":"<p>Today we highlight the partnership we have built with Vasco Oliveira. Fifteen years ago, Vasco Oliveira joined Ruy de Lacerda as a technical sales professional and, since then, he has followed a path of continuous development. He is currently a Business Development Manager, working across several industries, from Industrial Graphics to Industrial Maintenance\u2026<\/p>\n","protected":false},"author":2,"featured_media":13779,"comment_status":"closed","ping_status":"closed","sticky":false,"template":"","format":"standard","meta":{"_acf_changed":false,"_joinchat":[],"footnotes":""},"categories":[181],"tags":[],"class_list":["post-14732","post","type-post","status-publish","format-standard","has-post-thumbnail","hentry","category-rdl-institutional"],"acf":[],"_links":{"self":[{"href":"https:\/\/www.ruydelacerda.pt\/en\/wp-json\/wp\/v2\/posts\/14732","targetHints":{"allow":["GET"]}}],"collection":[{"href":"https:\/\/www.ruydelacerda.pt\/en\/wp-json\/wp\/v2\/posts"}],"about":[{"href":"https:\/\/www.ruydelacerda.pt\/en\/wp-json\/wp\/v2\/types\/post"}],"author":[{"embeddable":true,"href":"https:\/\/www.ruydelacerda.pt\/en\/wp-json\/wp\/v2\/users\/2"}],"replies":[{"embeddable":true,"href":"https:\/\/www.ruydelacerda.pt\/en\/wp-json\/wp\/v2\/comments?post=14732"}],"version-history":[{"count":5,"href":"https:\/\/www.ruydelacerda.pt\/en\/wp-json\/wp\/v2\/posts\/14732\/revisions"}],"predecessor-version":[{"id":15028,"href":"https:\/\/www.ruydelacerda.pt\/en\/wp-json\/wp\/v2\/posts\/14732\/revisions\/15028"}],"wp:featuredmedia":[{"embeddable":true,"href":"https:\/\/www.ruydelacerda.pt\/en\/wp-json\/wp\/v2\/media\/13779"}],"wp:attachment":[{"href":"https:\/\/www.ruydelacerda.pt\/en\/wp-json\/wp\/v2\/media?parent=14732"}],"wp:term":[{"taxonomy":"category","embeddable":true,"href":"https:\/\/www.ruydelacerda.pt\/en\/wp-json\/wp\/v2\/categories?post=14732"},{"taxonomy":"post_tag","embeddable":true,"href":"https:\/\/www.ruydelacerda.pt\/en\/wp-json\/wp\/v2\/tags?post=14732"}],"curies":[{"name":"wp","href":"https:\/\/api.w.org\/{rel}","templated":true}]}}