{"id":14734,"date":"2024-12-16T07:00:10","date_gmt":"2024-12-16T07:00:10","guid":{"rendered":"https:\/\/www.ruydelacerda.pt\/sonia-carneiro-a-journey-of-dedication-and-growth-at-ruy-de-lacerda\/"},"modified":"2025-11-28T14:18:34","modified_gmt":"2025-11-28T14:18:34","slug":"sonia-carneiro-a-journey-of-dedication-and-growth-at-ruy-de-lacerda","status":"publish","type":"post","link":"https:\/\/www.ruydelacerda.pt\/en\/sonia-carneiro-a-journey-of-dedication-and-growth-at-ruy-de-lacerda\/","title":{"rendered":"S\u00f3nia Carneiro: A Journey of Dedication and Growth at Ruy de Lacerda"},"content":{"rendered":"\t\t<div data-elementor-type=\"wp-post\" data-elementor-id=\"14734\" class=\"elementor elementor-14734 elementor-13977\">\n\t\t\t\t\t\t<section class=\"elementor-section elementor-top-section elementor-element elementor-element-3a875029 elementor-section-full_width elementor-section-height-default elementor-section-height-default qodef-elementor-content-no\" data-id=\"3a875029\" data-element_type=\"section\">\n\t\t\t\t\t\t<div class=\"elementor-container elementor-column-gap-default\">\n\t\t\t\t\t<div class=\"elementor-column elementor-col-100 elementor-top-column elementor-element elementor-element-22ee66ef\" data-id=\"22ee66ef\" data-element_type=\"column\">\n\t\t\t<div class=\"elementor-widget-wrap elementor-element-populated\">\n\t\t\t\t\t\t<div class=\"elementor-element elementor-element-cba7d75 elementor-widget elementor-widget-text-editor\" data-id=\"cba7d75\" data-element_type=\"widget\" data-widget_type=\"text-editor.default\">\n\t\t\t\t<div class=\"elementor-widget-container\">\n\t\t\t\t\t\t\t\t\t<p>(English Below) \ud83c\uddf5\ud83c\uddf9<\/p>\n<p><strong>&#8220;Quem \u00e9 Quem&#8221;<\/strong><\/p>\n<p>Hoje damos destaque \u00e0 S\u00f3nia Carneiro, que conta com uma carreira de quase tr\u00eas d\u00e9cadas ao nosso lado.<\/p>\n<p id=\"ember54\" class=\"ember-view reader-text-block__paragraph\">Na conversa que tivemos com a S\u00f3nia, esta reflete sobre sua trajet\u00f3ria, o impacto positivo da empresa na sua vida e os valores que continuam a inspir\u00e1-la diariamente.<\/p>\n<p id=\"ember55\" class=\"ember-view reader-text-block__paragraph\">S\u00f3nia formou-se em Tradu\u00e7\u00e3o e Interpreta\u00e7\u00e3o pelo ISAI e come\u00e7ou a carreira como guia no Pal\u00e1cio da Bolsa. Depois, iniciou sua jornada na Ruy de Lacerda, onde j\u00e1 soma 28 anos. Hoje, atua como assistente comercial, um papel que abra\u00e7ou com dedica\u00e7\u00e3o desde o in\u00edcio.<\/p>\n<p id=\"ember56\" class=\"ember-view reader-text-block__paragraph\"><strong>O Que Mais Aprecia no Trabalho e na Ruy de Lacerda<\/strong><\/p>\n<p id=\"ember57\" class=\"ember-view reader-text-block__paragraph\">O ambiente de trabalho e a confian\u00e7a que a empresa deposita nos seus colaboradores s\u00e3o os elementos que a S\u00f3nia mais valoriza. \u201cNa empresa, gosto das condi\u00e7\u00f5es que d\u00e3o \u00e0s pessoas, a confian\u00e7a que depositam em n\u00f3s e deixarem-nos ser aut\u00f3nomos.\u201d Esse apoio e autonomia permitem que ela execute o seu trabalho com liberdade e confian\u00e7a.<\/p>\n<p id=\"ember58\" class=\"ember-view reader-text-block__paragraph\">Quanto ao dia a dia no seu papel, a satisfa\u00e7\u00e3o da S\u00f3nia est\u00e1 em cada tarefa que realiza. \u201cNo meu trabalho gosto de tudo o que fa\u00e7o, gosto de falar com os clientes e as representadas e gosto do tipo de servi\u00e7o que fa\u00e7o.\u201d Esse entusiasmo reflete-se na sua dedica\u00e7\u00e3o e no relacionamento que construiu com clientes e colegas ao longo dos anos.<\/p>\n<p id=\"ember59\" class=\"ember-view reader-text-block__paragraph\"><strong>Momentos Inesquec\u00edveis na Ruy de Lacerda<\/strong><\/p>\n<p id=\"ember60\" class=\"ember-view reader-text-block__paragraph\">S\u00f3nia guarda com carinho muitos momentos ao longo dos seus 28 anos, mas um destaca-se especialmente. \u201cQuando fiz 25 anos de casa, as palavras dos diretores aqui foram muito boas. Disseram que eu era um exemplo na educa\u00e7\u00e3o, trabalho e dedica\u00e7\u00e3o.\u201d Esse reconhecimento foi um momento memor\u00e1vel, refor\u00e7ando a import\u00e2ncia que o seu compromisso e \u00e9tica t\u00eam para a empresa.<\/p>\n<p id=\"ember61\" class=\"ember-view reader-text-block__paragraph\"><strong>Interesses Fora do Trabalho<\/strong><\/p>\n<p id=\"ember62\" class=\"ember-view reader-text-block__paragraph\">Fora da rotina profissional, a S\u00f3nia \u00e9 uma entusiasta de atividades ao ar livre e momentos de lazer. \u201cGosto de passear pela praia, sair e estar com amigos e caminhar com os meus c\u00e3es que eu adoro. Gosto de viajar.\u201d Esse equil\u00edbrio entre trabalho e lazer permite que ela mantenha uma vida plena e com muitas mem\u00f3rias ao lado dos amigos e da fam\u00edlia.<\/p>\n<p id=\"ember63\" class=\"ember-view reader-text-block__paragraph\"><strong>Conselhos e Aprendizagens na Ruy de Lacerda<\/strong><\/p>\n<p id=\"ember64\" class=\"ember-view reader-text-block__paragraph\">A cultura de colabora\u00e7\u00e3o e foco da empresa s\u00e3o caracter\u00edsticas que a S\u00f3nia absorveu ao longo dos anos. \u201cUma aprendizagem que tive com a Ruy de Lacerda foi a ter foco e a trabalhar em equipa para conseguir os melhores resultados poss\u00edveis. Somos uma equipa e trabalhamos todos para o mesmo.\u201d Esse esp\u00edrito de uni\u00e3o e compromisso tem sido essencial para ela, que valoriza o trabalho coletivo e o esfor\u00e7o para alcan\u00e7ar resultados.<\/p>\n<p id=\"ember65\" class=\"ember-view reader-text-block__paragraph\"><strong>Impacto da Ruy de Lacerda nos Seus Objetivos Pessoais e Profissionais<\/strong><\/p>\n<p id=\"ember66\" class=\"ember-view reader-text-block__paragraph\">A S\u00f3nia atribui parte das suas conquistas pessoais e estabilidade \u00e0 Ruy de Lacerda. \u201cA Ruy de Lacerda foi essencial para atingir os meus objetivos, porque me deu boas condi\u00e7\u00f5es, e continua a dar, para que eu possa ter uma vida confort\u00e1vel. Sempre que eu preciso, ou que a minha fam\u00edlia precisa, podem contar comigo, gra\u00e7as \u00e0s condi\u00e7\u00f5es na Ruy de Lacerda.\u201d Esse apoio reflete-se na sua vida pessoal e profissional, tornando-se um ponto de refer\u00eancia para o seu sucesso e realiza\u00e7\u00e3o. \u201cO sucesso da empresa \u00e9 o nosso sucesso\u201d comenta S\u00f3nia.<\/p>\n<p id=\"ember67\" class=\"ember-view reader-text-block__paragraph\"><strong>O Futuro da S\u00f3nia na Ruy de Lacerda<\/strong><\/p>\n<p id=\"ember68\" class=\"ember-view reader-text-block__paragraph\">Para a S\u00f3nia, a Ruy de Lacerda representa n\u00e3o s\u00f3 um local de trabalho, mas um local onde valores como confian\u00e7a, respeito e dedica\u00e7\u00e3o se alinham com os seus princ\u00edpios. Com quase tr\u00eas d\u00e9cadas de servi\u00e7o, a S\u00f3nia \u00e9 um exemplo inspirador para todos que partilham o seu caminho na empresa, e esperamos poder contar com ela por muitos mais anos.<\/p>\n<p id=\"ember69\" class=\"ember-view reader-text-block__paragraph\">Estamos felizes por colaborar com a S\u00f3nia e contar com a sua confian\u00e7a e profissionalismo no dia a dia da nossa empresa. Com a sua energia positiva e vasta experi\u00eancia ao servi\u00e7o da Ruy de Lacerda, continuamos a trazer as melhores solu\u00e7\u00f5es, produtos e conhecimentos para a ind\u00fastria em Portugal.<\/p>\n\t\t\t\t\t\t\t\t<\/div>\n\t\t\t\t<\/div>\n\t\t\t\t\t<\/div>\n\t\t<\/div>\n\t\t\t\t\t<\/div>\n\t\t<\/section>\n\t\t<div class=\"elementor-element elementor-element-0acfde5 e-flex e-con-boxed qodef-elementor-content-no e-con e-parent\" data-id=\"0acfde5\" data-element_type=\"container\">\n\t\t\t\t\t<div class=\"e-con-inner\">\n\t\t\t\t<div class=\"elementor-element elementor-element-6f97308 elementor-widget-divider--view-line_icon elementor-view-default elementor-widget-divider--element-align-center elementor-widget elementor-widget-divider\" data-id=\"6f97308\" data-element_type=\"widget\" data-widget_type=\"divider.default\">\n\t\t\t\t<div class=\"elementor-widget-container\">\n\t\t\t\t\t\t\t<div class=\"elementor-divider\">\n\t\t\t<span class=\"elementor-divider-separator\">\n\t\t\t\t\t\t\t<div class=\"elementor-icon elementor-divider__element\">\n\t\t\t\t\t<svg xmlns=\"http:\/\/www.w3.org\/2000\/svg\" width=\"60\" height=\"68\" viewBox=\"0 0 60 68\" fill=\"none\"><g clip-path=\"url(#clip0_16_2821)\"><path fill-rule=\"evenodd\" clip-rule=\"evenodd\" d=\"M5.92 17.48L27.59 4.92003C26.39 4.15003 25.73 2.93003 25.75 1.66003L4.09 14.29C5.18 15.04 5.86 16.07 5.91 17.48\" fill=\"#D39620\"><\/path><path fill-rule=\"evenodd\" clip-rule=\"evenodd\" d=\"M33.69 1.66003L55.36 14.22C54.16 14.99 53.5 16.21 53.52 17.48L31.87 4.86003C32.96 4.11003 33.64 3.08003 33.69 1.67003\" fill=\"#D39620\"><\/path><path fill-rule=\"evenodd\" clip-rule=\"evenodd\" d=\"M56.38 52.73L33.62 66.03C33.54 64.61 33.12 63.36 31.95 62.51L53.7 49.91C53.82 51.23 55.09 52.22 56.38 52.72\" fill=\"#D39620\"><\/path><path fill-rule=\"evenodd\" clip-rule=\"evenodd\" d=\"M27.64 62.58L5.7 49.73C5.62 51.15 4.29 51.85 3.13 52.7L25.64 65.79C25.76 64.47 26.35 63.08 27.64 62.58Z\" fill=\"#D39620\"><\/path><path fill-rule=\"evenodd\" clip-rule=\"evenodd\" d=\"M3.82 45.66L3.74 21.29C2.48 21.93 1.09 21.9 0 21.27L0.14 45.66C1.34 45.1 2.56 45.03 3.82 45.66Z\" fill=\"#D39620\"><\/path><path fill-rule=\"evenodd\" clip-rule=\"evenodd\" d=\"M59.63 45.66L59.55 21.29C58.29 21.93 56.9 21.9 55.81 21.27L55.95 45.66C57.15 45.1 58.37 45.03 59.63 45.66Z\" fill=\"#D39620\"><\/path><path d=\"M14.39 29.26C13.49 29.26 12.4 29.27 11.1 29.27L11.06 35.6L14.57 35.55C19.11 35.61 18.99 29.48 14.39 29.26ZM16.81 43.27L13.8 38.41H11.1V43.25H8.35999V26.67H14.42C15.7 26.67 16.81 26.91 17.76 27.38C18.71 27.85 19.43 28.53 19.94 29.42C20.45 30.3 20.7 31.35 20.7 32.57C20.7 33.79 20.43 34.89 19.89 35.79C19.35 36.69 18.57 37.36 17.56 37.8L20.95 43.25L16.81 43.27Z\" fill=\"#D39620\"><\/path><path d=\"M29.7 40.56C30.82 40.56 31.8 40.33 32.65 39.86C33.5 39.39 34.15 38.73 34.61 37.86C35.07 37 35.3 35.99 35.3 34.85C35.3 33.71 35.07 32.71 34.61 31.84C34.15 30.98 33.5 30.31 32.65 29.84C31.8 29.37 30.81 29.14 29.7 29.14H25.99V40.55H29.7V40.56ZM23.16 26.53H29.83C31.46 26.53 32.9 26.87 34.17 27.56C35.43 28.25 36.42 29.22 37.11 30.48C37.81 31.74 38.16 33.19 38.16 34.84C38.16 36.49 37.81 37.94 37.11 39.2C36.41 40.46 35.43 41.43 34.17 42.12C32.91 42.81 31.46 43.15 29.83 43.15H23.16V26.51V26.53Z\" fill=\"#D39620\"><\/path><path d=\"M41.26 26.53H44.09V40.56L52.61 40.58V43.19L41.26 43.17V26.53Z\" fill=\"#D39620\"><\/path><path fill-rule=\"evenodd\" clip-rule=\"evenodd\" d=\"M57.23 15.6899C58.18 15.6899 58.95 16.4899 58.95 17.4899C58.95 18.4899 58.18 19.2899 57.23 19.2899C56.28 19.2899 55.51 18.4899 55.51 17.4899C55.51 16.4899 56.28 15.6899 57.23 15.6899Z\" fill=\"#D39620\"><\/path><path fill-rule=\"evenodd\" clip-rule=\"evenodd\" d=\"M57.23 47.0601C58.18 47.0601 58.95 47.8601 58.95 48.8601C58.95 49.8601 58.18 50.6601 57.23 50.6601C56.28 50.6601 55.51 49.8601 55.51 48.8601C55.51 47.8601 56.28 47.0601 57.23 47.0601Z\" fill=\"#D39620\"><\/path><path fill-rule=\"evenodd\" clip-rule=\"evenodd\" d=\"M2.01999 15.6899C2.96999 15.6899 3.73999 16.4899 3.73999 17.4899C3.73999 18.4899 2.96999 19.2899 2.01999 19.2899C1.06999 19.2899 0.299988 18.4899 0.299988 17.4899C0.299988 16.4899 1.06999 15.6899 2.01999 15.6899Z\" fill=\"#D39620\"><\/path><path fill-rule=\"evenodd\" clip-rule=\"evenodd\" d=\"M2.01999 47.0601C2.96999 47.0601 3.73999 47.8601 3.73999 48.8601C3.73999 49.8601 2.96999 50.6601 2.01999 50.6601C1.06999 50.6601 0.299988 49.8601 0.299988 48.8601C0.299988 47.8601 1.06999 47.0601 2.01999 47.0601Z\" fill=\"#D39620\"><\/path><path fill-rule=\"evenodd\" clip-rule=\"evenodd\" d=\"M29.78 63.95C30.73 63.95 31.5 64.75 31.5 65.75C31.5 66.75 30.73 67.55 29.78 67.55C28.83 67.55 28.06 66.75 28.06 65.75C28.06 64.75 28.83 63.95 29.78 63.95Z\" fill=\"#D39620\"><\/path><path fill-rule=\"evenodd\" clip-rule=\"evenodd\" d=\"M29.78 0C30.73 0 31.5 0.8 31.5 1.8C31.5 2.8 30.73 3.6 29.78 3.6C28.83 3.6 28.06 2.8 28.06 1.8C28.06 0.8 28.83 0 29.78 0Z\" fill=\"#D39620\"><\/path><\/g><defs><clipPath id=\"clip0_16_2821\"><rect width=\"59.63\" height=\"67.54\" fill=\"white\"><\/rect><\/clipPath><\/defs><\/svg><\/div>\n\t\t\t\t\t\t<\/span>\n\t\t<\/div>\n\t\t\t\t\t\t<\/div>\n\t\t\t\t<\/div>\n\t\t\t\t\t<\/div>\n\t\t\t\t<\/div>\n\t\t\t\t<section class=\"elementor-section elementor-top-section elementor-element elementor-element-662db0b elementor-section-full_width elementor-section-height-default elementor-section-height-default qodef-elementor-content-no\" data-id=\"662db0b\" data-element_type=\"section\">\n\t\t\t\t\t\t<div class=\"elementor-container elementor-column-gap-default\">\n\t\t\t\t\t<div class=\"elementor-column elementor-col-100 elementor-top-column elementor-element elementor-element-7f4dd06\" data-id=\"7f4dd06\" data-element_type=\"column\">\n\t\t\t<div class=\"elementor-widget-wrap elementor-element-populated\">\n\t\t\t\t\t\t<div class=\"elementor-element elementor-element-a845236 elementor-widget elementor-widget-text-editor\" data-id=\"a845236\" data-element_type=\"widget\" data-widget_type=\"text-editor.default\">\n\t\t\t\t<div class=\"elementor-widget-container\">\n\t\t\t\t\t\t\t\t\t<p>\ud83c\uddec\ud83c\udde7<\/p>\n<p><strong>&#8220;Who is Who&#8221;<\/strong><\/p>\n<p id=\"ember72\" class=\"ember-view reader-text-block__heading-2\"><strong>S\u00f3nia Carneiro: A Journey of Dedication and Growth at Ruy de Lacerda<\/strong><\/p>\n<p id=\"ember73\" class=\"ember-view reader-text-block__paragraph\">Today we highlight S\u00f3nia Carneiro, who has spent almost three decades at our side.<\/p>\n<p id=\"ember74\" class=\"ember-view reader-text-block__paragraph\">In our conversation with S\u00f3nia, she reflects on her career, the positive impact the company has had on her life and the values that continue to inspire her on a daily basis.<\/p>\n<p id=\"ember75\" class=\"ember-view reader-text-block__paragraph\">S\u00f3nia graduated in Translation and Interpreting from ISAI and began her career as a guide at the Pal\u00e1cio da Bolsa. She then began her journey at Ruy de Lacerda, where she has now worked for 28 years. Today, she works as a commercial assistant, a role she has embraced with dedication from the start.<\/p>\n<p id=\"ember76\" class=\"ember-view reader-text-block__paragraph\"><strong>What she enjoys most about working at Ruy de Lacerda<\/strong><\/p>\n<p id=\"ember77\" class=\"ember-view reader-text-block__paragraph\">The working environment and the trust the company places in its employees are the elements S\u00f3nia values most. \u201cAt the company, I like the conditions they give people, the trust they place in us and allowing us to be autonomous.\u201d This support and autonomy allows her to carry out her work with freedom and confidence.<\/p>\n<p id=\"ember78\" class=\"ember-view reader-text-block__paragraph\">As for her day-to-day role, S\u00f3nia&#8217;s satisfaction lies in every task she carries out. \u201cIn my job I enjoy everything I do, I enjoy talking to clients and representatives and I enjoy the type of service I do.\u201d This enthusiasm is reflected in her dedication and in the relationships she has built up with clients and colleagues over the years.<\/p>\n<p id=\"ember79\" class=\"ember-view reader-text-block__paragraph\"><strong>Unforgettable moments at Ruy de Lacerda<\/strong><\/p>\n<p id=\"ember80\" class=\"ember-view reader-text-block__paragraph\">S\u00f3nia fondly remembers many moments over her 28 years, but one stands out in particular. \u201cWhen I turned 25, the words of the directors here were very good. They said I was an example in education, work and dedication.\u201d This recognition was a memorable moment, reinforcing the importance that his commitment and ethics have for the company.<\/p>\n<p id=\"ember81\" class=\"ember-view reader-text-block__paragraph\"><strong>Interests outside work<\/strong><\/p>\n<p id=\"ember82\" class=\"ember-view reader-text-block__paragraph\">Outside of her professional routine, S\u00f3nia is enthusiastic about outdoor activities and leisure time. \u201cI like walking on the beach, going out with friends and walking my dogs, which I love. I like to travel.\u201d This balance between work and leisure allows her to maintain a full life with lots of memories with friends and family.<\/p>\n<p id=\"ember83\" class=\"ember-view reader-text-block__paragraph\"><strong>Advice and learning at Ruy de Lacerda<\/strong><\/p>\n<p id=\"ember84\" class=\"ember-view reader-text-block__paragraph\">The company&#8217;s culture of collaboration and focus are characteristics that S\u00f3nia has absorbed over the years. \u201cOne thing I learned at Ruy de Lacerda was to focus and work as a team to achieve the best possible results. We&#8217;re a team and we&#8217;re all working towards the same thing.\u201d This spirit of unity and commitment has been essential for her, who values collective work and striving to achieve results.<\/p>\n<p id=\"ember85\" class=\"ember-view reader-text-block__paragraph\"><strong>Ruy de Lacerda&#8217;s Impact on Her Personal and Professional Goals<\/strong><\/p>\n<p id=\"ember86\" class=\"ember-view reader-text-block__paragraph\">S\u00f3nia attributes part of her personal achievements and stability to Ruy de Lacerda. \u201cRuy de Lacerda has been essential to achieving my goals, because it has given me good conditions, and continues to do so, so that I can have a comfortable life. Whenever I need it, or my family needs it, they can count on me, thanks to the conditions at Ruy de Lacerda.\u201d This support is reflected in his personal and professional life, becoming a point of reference for his success and achievement. \u201cThe company&#8217;s success is our success,\u201d says S\u00f3nia.<\/p>\n<p id=\"ember87\" class=\"ember-view reader-text-block__paragraph\"><strong>S\u00f3nia&#8217;s future at Ruy de Lacerda<\/strong><\/p>\n<p id=\"ember88\" class=\"ember-view reader-text-block__paragraph\">For S\u00f3nia, Ruy de Lacerda represents not just a place to work, but a place where values such as trust, respect and dedication align with her principles. With almost three decades of service, S\u00f3nia is an inspiring example to everyone who shares her path in the company, and we hope to be able to count on her for many more years to come.<\/p>\n<p id=\"ember89\" class=\"ember-view reader-text-block__paragraph\">We are happy to collaborate with S\u00f3nia and count on her trust and professionalism in the day-to-day running of our company. With her positive energy and vast experience at the service of Ruy de Lacerda, we continue to bring the best solutions, products and knowledge to the industry in Portugal.<\/p>\n\t\t\t\t\t\t\t\t<\/div>\n\t\t\t\t<\/div>\n\t\t\t\t\t<\/div>\n\t\t<\/div>\n\t\t\t\t\t<\/div>\n\t\t<\/section>\n\t\t<div class=\"elementor-element elementor-element-010ec74 e-flex e-con-boxed qodef-elementor-content-no e-con e-parent\" data-id=\"010ec74\" data-element_type=\"container\">\n\t\t\t\t\t<div class=\"e-con-inner\">\n\t\t\t\t\t<\/div>\n\t\t\t\t<\/div>\n\t\t\t\t<\/div>\n\t\t","protected":false},"excerpt":{"rendered":"<p>Today we highlight S\u00f3nia Carneiro, who has built a career of almost three decades with us.<br \/>\nIn our conversation, S\u00f3nia reflects on her journey, the positive impact the company has had on her life, and the values that continue to inspire her every day\u2026<\/p>\n","protected":false},"author":2,"featured_media":13980,"comment_status":"closed","ping_status":"closed","sticky":false,"template":"","format":"standard","meta":{"_acf_changed":false,"_joinchat":[],"footnotes":""},"categories":[181],"tags":[],"class_list":["post-14734","post","type-post","status-publish","format-standard","has-post-thumbnail","hentry","category-rdl-institutional"],"acf":[],"_links":{"self":[{"href":"https:\/\/www.ruydelacerda.pt\/en\/wp-json\/wp\/v2\/posts\/14734","targetHints":{"allow":["GET"]}}],"collection":[{"href":"https:\/\/www.ruydelacerda.pt\/en\/wp-json\/wp\/v2\/posts"}],"about":[{"href":"https:\/\/www.ruydelacerda.pt\/en\/wp-json\/wp\/v2\/types\/post"}],"author":[{"embeddable":true,"href":"https:\/\/www.ruydelacerda.pt\/en\/wp-json\/wp\/v2\/users\/2"}],"replies":[{"embeddable":true,"href":"https:\/\/www.ruydelacerda.pt\/en\/wp-json\/wp\/v2\/comments?post=14734"}],"version-history":[{"count":2,"href":"https:\/\/www.ruydelacerda.pt\/en\/wp-json\/wp\/v2\/posts\/14734\/revisions"}],"predecessor-version":[{"id":15032,"href":"https:\/\/www.ruydelacerda.pt\/en\/wp-json\/wp\/v2\/posts\/14734\/revisions\/15032"}],"wp:featuredmedia":[{"embeddable":true,"href":"https:\/\/www.ruydelacerda.pt\/en\/wp-json\/wp\/v2\/media\/13980"}],"wp:attachment":[{"href":"https:\/\/www.ruydelacerda.pt\/en\/wp-json\/wp\/v2\/media?parent=14734"}],"wp:term":[{"taxonomy":"category","embeddable":true,"href":"https:\/\/www.ruydelacerda.pt\/en\/wp-json\/wp\/v2\/categories?post=14734"},{"taxonomy":"post_tag","embeddable":true,"href":"https:\/\/www.ruydelacerda.pt\/en\/wp-json\/wp\/v2\/tags?post=14734"}],"curies":[{"name":"wp","href":"https:\/\/api.w.org\/{rel}","templated":true}]}}