{"id":14953,"date":"2024-11-21T07:00:29","date_gmt":"2024-11-21T07:00:29","guid":{"rendered":"https:\/\/www.ruydelacerda.pt\/meet-engineer-sabino-borges-ceo-of-ruy-de-lacerda-and-a-career-of-dedication-and-strategy\/"},"modified":"2025-11-28T14:19:29","modified_gmt":"2025-11-28T14:19:29","slug":"meet-engineer-sabino-borges-ceo-of-ruy-de-lacerda-and-a-career-of-dedication-and-strategy","status":"publish","type":"post","link":"https:\/\/www.ruydelacerda.pt\/en\/meet-engineer-sabino-borges-ceo-of-ruy-de-lacerda-and-a-career-of-dedication-and-strategy\/","title":{"rendered":"Meet Engineer Sabino Borges: CEO of Ruy de Lacerda and a Career of Dedication and Strategy"},"content":{"rendered":"\t\t<div data-elementor-type=\"wp-post\" data-elementor-id=\"14953\" class=\"elementor elementor-14953 elementor-14945\">\n\t\t\t\t\t\t<section class=\"elementor-section elementor-top-section elementor-element elementor-element-3a875029 elementor-section-full_width elementor-section-height-default elementor-section-height-default qodef-elementor-content-no\" data-id=\"3a875029\" data-element_type=\"section\">\n\t\t\t\t\t\t<div class=\"elementor-container elementor-column-gap-default\">\n\t\t\t\t\t<div class=\"elementor-column elementor-col-100 elementor-top-column elementor-element elementor-element-22ee66ef\" data-id=\"22ee66ef\" data-element_type=\"column\">\n\t\t\t<div class=\"elementor-widget-wrap elementor-element-populated\">\n\t\t\t\t\t\t<div class=\"elementor-element elementor-element-cba7d75 elementor-widget elementor-widget-text-editor\" data-id=\"cba7d75\" data-element_type=\"widget\" data-widget_type=\"text-editor.default\">\n\t\t\t\t<div class=\"elementor-widget-container\">\n\t\t\t\t\t\t\t\t\t<p>(English Below) \ud83c\uddf5\ud83c\uddf9<\/p>\n<p><strong>&#8220;Quem \u00e9 Quem&#8221;<\/strong><\/p>\n<p id=\"ember53\" class=\"ember-view reader-text-block__paragraph\">Hoje damos destaque ao nosso CEO, um profissional cuja jornada na Ruy de Lacerda S.A. | Grupo \u00e9 marcada por uma dedica\u00e7\u00e3o incans\u00e1vel, vis\u00e3o estrat\u00e9gica e paix\u00e3o pelo trabalho.<\/p>\n<p id=\"ember54\" class=\"ember-view reader-text-block__paragraph\">Formado em Engenharia pelo <a class=\"BZlYAjikHPGRJsJDVXcEAIgyCHVdMWfWWELYvU \" tabindex=\"0\" href=\"https:\/\/www.linkedin.com\/school\/isep\/\" data-test-app-aware-link=\"\">ISEP &#8211; Instituto Superior de Engenharia do Porto<\/a> , o Engenheiro <a id=\"ember55\" class=\"ember-view\" tabindex=\"0\" href=\"https:\/\/www.linkedin.com\/in\/eng-sabino-borges\/\">Sabino <\/a>Borges entrou na Ruy de Lacerda h\u00e1 mais de tr\u00eas d\u00e9cadas, logo ap\u00f3s cumprir o servi\u00e7o militar obrigat\u00f3rio. \u201cComecei a trabalhar no setor dos equipamentos e no setor dos pl\u00e1sticos de engenharia, portanto vendia pl\u00e1sticos de engenharia da nossa representada DSM. Nessa altura j\u00e1 estava tamb\u00e9m no departamento de extrus\u00e3o, onde tinha tamb\u00e9m responsabilidade pela venda de equipamentos para o setor de extrus\u00e3o de pl\u00e1sticos.\u201d<\/p>\n<p id=\"ember56\" class=\"ember-view reader-text-block__paragraph\">O convite para integrar a sociedade foi um momento crucial na sua trajet\u00f3ria. \u201cO Sr. <a id=\"ember57\" class=\"ember-view\" tabindex=\"0\" href=\"https:\/\/www.linkedin.com\/in\/david-zamith-409b781b3\/\">David Zamith<\/a> , h\u00e1 cerca de 23 anos, convidou-me a ficar com a quota da empresa. Eu aceitei e desde essa altura tornei-me s\u00f3cio da empresa.\u201d Mais recentemente, h\u00e1 cerca de tr\u00eas anos, assumiu o cargo de CEO.<\/p>\n<p id=\"ember58\" class=\"ember-view reader-text-block__paragraph\"><strong>O Que Mais Aprecia no Trabalho e na Ruy de Lacerda<\/strong><\/p>\n<p id=\"ember59\" class=\"ember-view reader-text-block__paragraph\">A paix\u00e3o pelo trabalho \u00e9 evidente nas palavras do Engenheiro Sabino. Para ele, a inova\u00e7\u00e3o constante e a responsabilidade de acompanhar o progresso tecnol\u00f3gico tornam cada dia \u00fanico. \u201cO que eu gosto \u00e9 que a nossa atividade n\u00e3o tem nada de rotineiro, pelo contr\u00e1rio, porque acompanhamos a inova\u00e7\u00e3o das empresas, as permanentes novas necessidades das empresas no mercado, o nosso trabalho n\u00e3o \u00e9 de todo rotineiro.\u201d, afirma o Engenheiro Sabino Borges.<\/p>\n<p id=\"ember60\" class=\"ember-view reader-text-block__paragraph\">Trabalhar com equipamentos e solu\u00e7\u00f5es de ponta requer um conhecimento profundo do mercado e das ind\u00fastrias com que colaboram, bem como uma capacidade de resposta r\u00e1pida \u00e0s mudan\u00e7as. \u201cEnquanto fornecedores de equipamentos e de solu\u00e7\u00f5es, temos de apontar as melhores solu\u00e7\u00f5es, aquelas que fazem a diferencia\u00e7\u00e3o em termos de desempenho e rentabilidade aos nossos clientes. Tamb\u00e9m temos de entender bem os seus neg\u00f3cios, para ter a certeza que o que estamos a propor \u00e9 o correto, e temos que ter uma informa\u00e7\u00e3o mais antecipada poss\u00edvel, em tempo, sobre tend\u00eancias, o que outros pa\u00edses est\u00e3o a fazer, de forma a fazer chegar uma informa\u00e7\u00e3o e equipamentos que tenham valor para os nossos clientes. \u201d<\/p>\n<p id=\"ember61\" class=\"ember-view reader-text-block__paragraph\"><strong>Momentos Inesquec\u00edveis ao Longo da Carreira<\/strong><\/p>\n<p id=\"ember62\" class=\"ember-view reader-text-block__paragraph\">Ao longo de 35 anos, muitos momentos foram marcantes, desde a primeira visita ao cliente at\u00e9 ao reconhecimento como s\u00f3cio. \u201cQuando entrei para a empresa e quando conheci o Sr. David Zamith pela primeira vez, gostei imenso de falar com ele, a mesma coisa com o Sr. Ruy de Lacerda, lembro-me perfeitamente desses momentos.<\/p>\n<p id=\"ember63\" class=\"ember-view reader-text-block__paragraph\">A minha primeira visita ao meu primeiro cliente, lembro-me de quem foi e onde foi, isto \u00e9 como o primeiro beijo ou o primeiro namoro, s\u00e3o momentos que nunca se esquece.\u201d, comenta o Engenheiro Sabino.<\/p>\n<p id=\"ember64\" class=\"ember-view reader-text-block__paragraph\">Outros momentos foram mais formais, como o convite para ser s\u00f3cio, e ainda marcos de inova\u00e7\u00e3o, como a primeira venda de uma linha de reciclagem de pl\u00e1sticos para o setor agr\u00edcola.<\/p>\n<p id=\"ember65\" class=\"ember-view reader-text-block__paragraph\"><strong>Interesses e Equil\u00edbrio Fora do Trabalho<\/strong><\/p>\n<p id=\"ember66\" class=\"ember-view reader-text-block__paragraph\">Fora da Ruy de Lacerda, o CEO valoriza o tempo em fam\u00edlia, um contrapeso fundamental \u00e0 vida profissional agitada. \u201cVivo em Lisboa, a sede da empresa \u00e9 no Porto, os clientes est\u00e3o no pa\u00eds inteiro e as representadas na Europa, isto faz com que eu tenha uma vida na qual tenho de me deslocar muito do meu tempo, e, por isso, aproveito para mim quando regresso \u00e0 minha paz. \u00c9 aquilo que me volta a posicionar do ponto de vista emocional.\u201d<\/p>\n<p id=\"ember67\" class=\"ember-view reader-text-block__paragraph\">Em termos de hobbies, destaca o yoga, que lhe traz serenidade e tranquilidade e a mec\u00e2nica autom\u00f3vel, uma paix\u00e3o desde a juventude. \u201cAos meus 16 ou 17 anos, na garagem onde o meu pai tinha o carro, eu desmontava o carburador todo e montava-o e fazia isso tudo, era um bichinho que j\u00e1 vinha desde logo a seguir \u00e0 adolesc\u00eancia.\u201d<\/p>\n<p id=\"ember68\" class=\"ember-view reader-text-block__paragraph\"><strong>Um Conselho Profissional <\/strong><\/p>\n<p id=\"ember69\" class=\"ember-view reader-text-block__paragraph\">Entre os muitos conselhos que recebeu, um destaca-se: \u201cQuando temos um problema, dormir sobre esse problema, e no dia seguinte vamos ver o problema de maneira diferente.\u201d Na Ruy de Lacerda, esta filosofia est\u00e1 profundamente enraizada. \u201cA Ruy de Lacerda \u00e9 uma empresa que sempre fomentou que pens\u00e1ssemos antes de agir. D\u00e1-nos tempo para pensarmos nos assuntos e para agir (\u2026) N\u00f3s damos muito valor \u00e0 estrat\u00e9gia, n\u00e3o fazemos as coisas s\u00f3 por fazer, fazemos porque h\u00e1 uma ideia por tr\u00e1s. N\u00e3o somos pura e simplesmente reativos. Alinhamos os nossos pensamentos e a\u00e7\u00f5es, o que queremos fazer, quando e como o queremos fazer, mas isso obedece a um pensamento estrat\u00e9gico concertado\u201d<\/p>\n<p id=\"ember70\" class=\"ember-view reader-text-block__paragraph\">O Engenheiro Sabino refor\u00e7a a import\u00e2ncia da pondera\u00e7\u00e3o e planeamento estrat\u00e9gico para apoiar os clientes da melhor forma poss\u00edvel: \u201cO que os clientes querem \u00e9 que num determinado momento, lhe demos uma resposta acertada e uma a\u00e7\u00e3o correta. Muitas vezes precisamos de tempo para pensar sobre ela para poder fazer bem.\u201d<\/p>\n<p id=\"ember71\" class=\"ember-view reader-text-block__paragraph\"><strong>Apoio ao Desenvolvimento Pessoal e Profissional<\/strong><\/p>\n<p id=\"ember72\" class=\"ember-view reader-text-block__paragraph\">A Ruy de Lacerda apoiou o desenvolvimento pessoal e profissional do Engenheiro Sabino Borges. \u201cSinto-me uma pessoa muito realizada profissionalmente, eu confesso que n\u00e3o tinha, a ideia de vir a ser o CEO de uma organiza\u00e7\u00e3o respeitada como esta. Havia uma coisa que eu queria, que era trabalhar em algo que eu gostasse verdadeiramente e com pessoas de quem eu gostasse.\u201d<\/p>\n<p id=\"ember73\" class=\"ember-view reader-text-block__paragraph\">Como CEO, continua a incentivar o desenvolvimento de uma cultura que valorize a estrat\u00e9gia, o respeito pelo tempo e o crescimento profissional, efetuando uma gest\u00e3o profissional adequada e mantendo a Ruy de Lacerda como um exemplo de inova\u00e7\u00e3o, \u00e9tica e responsabilidade no setor. \u201cN\u00f3s queremos cada vez mais continuar esse m\u00e9todo, a gest\u00e3o profissional. A Ruy de Lacerda j\u00e1 o exerce h\u00e1 muito tempo. Hoje fala-se na gest\u00e3o profissional, mas se ponderarmos, se eu sou s\u00f3cio h\u00e1 23 anos, a Ruy de Lacerda j\u00e1 faz isso h\u00e1 muito tempo.\u201d<\/p>\n<p id=\"ember74\" class=\"ember-view reader-text-block__paragraph\"><strong>O Futuro de Sabino Borges na Ruy de Lacerda<\/strong><\/p>\n<p id=\"ember75\" class=\"ember-view reader-text-block__paragraph\">A lideran\u00e7a do Engenheiro Sabino Borges \u00e9 indispens\u00e1vel para o sucesso da Ruy de Lacerda. Mesmo antes de se tornar CEO, Sabino Borges j\u00e1 demonstrava os valores que personificam a Ruy de Lacerda.<\/p>\n<p id=\"ember76\" class=\"ember-view reader-text-block__paragraph\">Temos orgulho em colaborar no dia a dia com o Engenheiro Sabino e aprender com o seu exemplo e experi\u00eancia adquirida ao longo de uma vida inteira a apoiar a ind\u00fastria em Portugal.<\/p>\n<p id=\"ember77\" class=\"ember-view reader-text-block__paragraph\">O Engenheiro Sabino \u00e9 um exemplo de profissionalismo, estrat\u00e9gia e intelig\u00eancia empresarial e equil\u00edbrio entre vida pessoal e trabalho. Sob a sua lideran\u00e7a somos capazes de continuar a trazer as melhores solu\u00e7\u00f5es, produtos e conhecimento t\u00e9cnico e de mercado para apoiar a ind\u00fastria em Portugal.<\/p>\n\t\t\t\t\t\t\t\t<\/div>\n\t\t\t\t<\/div>\n\t\t\t\t\t<\/div>\n\t\t<\/div>\n\t\t\t\t\t<\/div>\n\t\t<\/section>\n\t\t<div class=\"elementor-element elementor-element-0acfde5 e-flex e-con-boxed qodef-elementor-content-no e-con e-parent\" data-id=\"0acfde5\" data-element_type=\"container\">\n\t\t\t\t\t<div class=\"e-con-inner\">\n\t\t\t\t<div class=\"elementor-element elementor-element-6f97308 elementor-widget-divider--view-line_icon elementor-view-default elementor-widget-divider--element-align-center elementor-widget elementor-widget-divider\" data-id=\"6f97308\" data-element_type=\"widget\" data-widget_type=\"divider.default\">\n\t\t\t\t<div class=\"elementor-widget-container\">\n\t\t\t\t\t\t\t<div class=\"elementor-divider\">\n\t\t\t<span class=\"elementor-divider-separator\">\n\t\t\t\t\t\t\t<div class=\"elementor-icon elementor-divider__element\">\n\t\t\t\t\t<svg xmlns=\"http:\/\/www.w3.org\/2000\/svg\" width=\"60\" height=\"68\" viewBox=\"0 0 60 68\" fill=\"none\"><g clip-path=\"url(#clip0_16_2821)\"><path fill-rule=\"evenodd\" clip-rule=\"evenodd\" d=\"M5.92 17.48L27.59 4.92003C26.39 4.15003 25.73 2.93003 25.75 1.66003L4.09 14.29C5.18 15.04 5.86 16.07 5.91 17.48\" fill=\"#D39620\"><\/path><path fill-rule=\"evenodd\" clip-rule=\"evenodd\" d=\"M33.69 1.66003L55.36 14.22C54.16 14.99 53.5 16.21 53.52 17.48L31.87 4.86003C32.96 4.11003 33.64 3.08003 33.69 1.67003\" fill=\"#D39620\"><\/path><path fill-rule=\"evenodd\" clip-rule=\"evenodd\" d=\"M56.38 52.73L33.62 66.03C33.54 64.61 33.12 63.36 31.95 62.51L53.7 49.91C53.82 51.23 55.09 52.22 56.38 52.72\" fill=\"#D39620\"><\/path><path fill-rule=\"evenodd\" clip-rule=\"evenodd\" d=\"M27.64 62.58L5.7 49.73C5.62 51.15 4.29 51.85 3.13 52.7L25.64 65.79C25.76 64.47 26.35 63.08 27.64 62.58Z\" fill=\"#D39620\"><\/path><path fill-rule=\"evenodd\" clip-rule=\"evenodd\" d=\"M3.82 45.66L3.74 21.29C2.48 21.93 1.09 21.9 0 21.27L0.14 45.66C1.34 45.1 2.56 45.03 3.82 45.66Z\" fill=\"#D39620\"><\/path><path fill-rule=\"evenodd\" clip-rule=\"evenodd\" d=\"M59.63 45.66L59.55 21.29C58.29 21.93 56.9 21.9 55.81 21.27L55.95 45.66C57.15 45.1 58.37 45.03 59.63 45.66Z\" fill=\"#D39620\"><\/path><path d=\"M14.39 29.26C13.49 29.26 12.4 29.27 11.1 29.27L11.06 35.6L14.57 35.55C19.11 35.61 18.99 29.48 14.39 29.26ZM16.81 43.27L13.8 38.41H11.1V43.25H8.35999V26.67H14.42C15.7 26.67 16.81 26.91 17.76 27.38C18.71 27.85 19.43 28.53 19.94 29.42C20.45 30.3 20.7 31.35 20.7 32.57C20.7 33.79 20.43 34.89 19.89 35.79C19.35 36.69 18.57 37.36 17.56 37.8L20.95 43.25L16.81 43.27Z\" fill=\"#D39620\"><\/path><path d=\"M29.7 40.56C30.82 40.56 31.8 40.33 32.65 39.86C33.5 39.39 34.15 38.73 34.61 37.86C35.07 37 35.3 35.99 35.3 34.85C35.3 33.71 35.07 32.71 34.61 31.84C34.15 30.98 33.5 30.31 32.65 29.84C31.8 29.37 30.81 29.14 29.7 29.14H25.99V40.55H29.7V40.56ZM23.16 26.53H29.83C31.46 26.53 32.9 26.87 34.17 27.56C35.43 28.25 36.42 29.22 37.11 30.48C37.81 31.74 38.16 33.19 38.16 34.84C38.16 36.49 37.81 37.94 37.11 39.2C36.41 40.46 35.43 41.43 34.17 42.12C32.91 42.81 31.46 43.15 29.83 43.15H23.16V26.51V26.53Z\" fill=\"#D39620\"><\/path><path d=\"M41.26 26.53H44.09V40.56L52.61 40.58V43.19L41.26 43.17V26.53Z\" fill=\"#D39620\"><\/path><path fill-rule=\"evenodd\" clip-rule=\"evenodd\" d=\"M57.23 15.6899C58.18 15.6899 58.95 16.4899 58.95 17.4899C58.95 18.4899 58.18 19.2899 57.23 19.2899C56.28 19.2899 55.51 18.4899 55.51 17.4899C55.51 16.4899 56.28 15.6899 57.23 15.6899Z\" fill=\"#D39620\"><\/path><path fill-rule=\"evenodd\" clip-rule=\"evenodd\" d=\"M57.23 47.0601C58.18 47.0601 58.95 47.8601 58.95 48.8601C58.95 49.8601 58.18 50.6601 57.23 50.6601C56.28 50.6601 55.51 49.8601 55.51 48.8601C55.51 47.8601 56.28 47.0601 57.23 47.0601Z\" fill=\"#D39620\"><\/path><path fill-rule=\"evenodd\" clip-rule=\"evenodd\" d=\"M2.01999 15.6899C2.96999 15.6899 3.73999 16.4899 3.73999 17.4899C3.73999 18.4899 2.96999 19.2899 2.01999 19.2899C1.06999 19.2899 0.299988 18.4899 0.299988 17.4899C0.299988 16.4899 1.06999 15.6899 2.01999 15.6899Z\" fill=\"#D39620\"><\/path><path fill-rule=\"evenodd\" clip-rule=\"evenodd\" d=\"M2.01999 47.0601C2.96999 47.0601 3.73999 47.8601 3.73999 48.8601C3.73999 49.8601 2.96999 50.6601 2.01999 50.6601C1.06999 50.6601 0.299988 49.8601 0.299988 48.8601C0.299988 47.8601 1.06999 47.0601 2.01999 47.0601Z\" fill=\"#D39620\"><\/path><path fill-rule=\"evenodd\" clip-rule=\"evenodd\" d=\"M29.78 63.95C30.73 63.95 31.5 64.75 31.5 65.75C31.5 66.75 30.73 67.55 29.78 67.55C28.83 67.55 28.06 66.75 28.06 65.75C28.06 64.75 28.83 63.95 29.78 63.95Z\" fill=\"#D39620\"><\/path><path fill-rule=\"evenodd\" clip-rule=\"evenodd\" d=\"M29.78 0C30.73 0 31.5 0.8 31.5 1.8C31.5 2.8 30.73 3.6 29.78 3.6C28.83 3.6 28.06 2.8 28.06 1.8C28.06 0.8 28.83 0 29.78 0Z\" fill=\"#D39620\"><\/path><\/g><defs><clipPath id=\"clip0_16_2821\"><rect width=\"59.63\" height=\"67.54\" fill=\"white\"><\/rect><\/clipPath><\/defs><\/svg><\/div>\n\t\t\t\t\t\t<\/span>\n\t\t<\/div>\n\t\t\t\t\t\t<\/div>\n\t\t\t\t<\/div>\n\t\t\t\t\t<\/div>\n\t\t\t\t<\/div>\n\t\t\t\t<section class=\"elementor-section elementor-top-section elementor-element elementor-element-662db0b elementor-section-full_width elementor-section-height-default elementor-section-height-default qodef-elementor-content-no\" data-id=\"662db0b\" data-element_type=\"section\">\n\t\t\t\t\t\t<div class=\"elementor-container elementor-column-gap-default\">\n\t\t\t\t\t<div class=\"elementor-column elementor-col-100 elementor-top-column elementor-element elementor-element-7f4dd06\" data-id=\"7f4dd06\" data-element_type=\"column\">\n\t\t\t<div class=\"elementor-widget-wrap elementor-element-populated\">\n\t\t\t\t\t\t<div class=\"elementor-element elementor-element-a845236 elementor-widget elementor-widget-text-editor\" data-id=\"a845236\" data-element_type=\"widget\" data-widget_type=\"text-editor.default\">\n\t\t\t\t<div class=\"elementor-widget-container\">\n\t\t\t\t\t\t\t\t\t<p>\ud83c\uddec\ud83c\udde7<\/p>\n<p><strong>&#8220;Who is Who&#8221;<\/strong><\/p>\n<p id=\"ember79\" class=\"ember-view reader-text-block__heading-2\"><strong>Meet Engineer Sabino Borges: CEO of Ruy de Lacerda and a Career of Dedication and Strategy<\/strong><\/p>\n<p id=\"ember80\" class=\"ember-view reader-text-block__paragraph\">Today we&#8217;re highlighting our CEO, a professional whose journey at Ruy de Lacerda has been marked by tireless dedication, strategic vision and passion for his work.<\/p>\n<p id=\"ember81\" class=\"ember-view reader-text-block__paragraph\">With a degree in Engineering from the Instituto Superior de Engenharia do Porto, Engineer Sabino joined Ruy de Lacerda more than three decades ago, just after completing his compulsory military service. \u2018I started working in the equipment sector and the engineering plastics sector, so I sold engineering plastics from our represented company DSM. By then I was also in the extrusion department, where I was also responsible for selling equipment for the plastics extrusion sector.\u2019<\/p>\n<p id=\"ember82\" class=\"ember-view reader-text-block__paragraph\">The invitation to join the company was a crucial moment in his career. \u2018About 23 years ago, Mr David Zamith invited me to take a share in the company. I accepted and since then I&#8217;ve become a partner in the company.\u2019 More recently, about three years ago, he took over as CEO.<\/p>\n<p id=\"ember83\" class=\"ember-view reader-text-block__paragraph\"><strong>What He Appreciates Most About Work and Ruy de Lacerda<\/strong><\/p>\n<p id=\"ember84\" class=\"ember-view reader-text-block__paragraph\">Engineer Sabino&#8217;s passion for his work is evident in his words. For him, constant innovation and the responsibility of keeping up with technological progress make every day unique. \u2018What I like is that there is nothing routine about our work, on the contrary, because we keep up with the innovation of companies, the permanent new needs of companies in the market, our work is not routine at all,\u2019 says Engineer Sabino Borges.<\/p>\n<p id=\"ember85\" class=\"ember-view reader-text-block__paragraph\">Working with cutting-edge equipment and solutions requires in-depth knowledge of the market and the industries with which they collaborate, as well as the ability to respond quickly to changes. \u2018As suppliers of equipment and solutions, we have to point out the best solutions, those that make a difference in terms of performance and profitability for our customers. We also have to understand their businesses well, to make sure that what we&#8217;re proposing is the right one, and we have to have as much advance information as possible, in time, about trends, what other countries are doing, in order to provide information and equipment that is of value to our customers. \u2019<\/p>\n<p id=\"ember86\" class=\"ember-view reader-text-block__paragraph\"><strong>Unforgettable Moments Throughout Your Career<\/strong><\/p>\n<p id=\"ember87\" class=\"ember-view reader-text-block__paragraph\">Over the course of 35 years, many moments have been memorable, from the first client visit to being recognised as a partner. \u2018When I joined the company and met Mr David Zamith for the first time, I really enjoyed talking to him, the same with Mr Ruy de Lacerda, I remember those moments perfectly.<\/p>\n<p id=\"ember88\" class=\"ember-view reader-text-block__paragraph\">My first visit to my first client, I remember who it was and where it was, this is like a first kiss or a first date, these are moments you never forget,\u2019 comments Engineer Sabino.<\/p>\n<p id=\"ember89\" class=\"ember-view reader-text-block__paragraph\">Other moments were more formal, such as the invitation to become a partner, and also milestones of innovation, such as the first sale of a plastic recycling line for the agricultural sector.<\/p>\n<p id=\"ember90\" class=\"ember-view reader-text-block__paragraph\"><strong>Interests and Balance Outside of Work<\/strong><\/p>\n<p id=\"ember91\" class=\"ember-view reader-text-block__paragraph\">Outside of Ruy de Lacerda, the CEO values family time, a fundamental counterbalance to his busy professional life. \u2018I live in Lisbon, the company&#8217;s head office is in Porto, the clients are all over the country and the represented companies are in Europe, so I have a life in which I have to move around a lot, and I take advantage of this when I return to my peace. It&#8217;s what re-positions me from an emotional point of view.\u2019<\/p>\n<p id=\"ember92\" class=\"ember-view reader-text-block__paragraph\">In terms of hobbies, he highlights yoga, which brings him serenity and tranquillity, and car mechanics, a passion since his youth. \u2018When I was 16 or 17, in the garage where my father had his car, I would take the whole carburettor apart and put it back together and do all that, it was a passion that came with adolescence.\u2019<\/p>\n<p id=\"ember93\" class=\"ember-view reader-text-block__paragraph\"><strong>A piece of professional advice <\/strong><\/p>\n<p id=\"ember94\" class=\"ember-view reader-text-block__paragraph\">Among the many pieces of advice he has received, one stands out: \u2018When you have a problem, sleep on it, and the next day look at it differently.\u2019 At Ruy de Lacerda, this philosophy is deeply rooted. \u2018Ruy de Lacerda is a company that has always encouraged us to think before we act. It gives us time to think about things and to act (&#8230;) We value strategy, we don&#8217;t do things just for the sake of doing them, we do them because there&#8217;s an idea behind them. We&#8217;re not simply reactive. We align our thoughts and actions, what we want to do, when we want to do it and how we want to do it, but this is in line with concerted strategic thinking.\u2019<\/p>\n<p id=\"ember95\" class=\"ember-view reader-text-block__paragraph\">Engineer Sabino emphasises the importance of strategic thinking and planning in order to support customers in the best possible way: \u2018What customers want is for us to give them the right answer and the right action at a given time. We often need time to think about it in order to get it right.\u2019<\/p>\n<p id=\"ember96\" class=\"ember-view reader-text-block__paragraph\"><strong>Support for personal and professional development<\/strong><\/p>\n<p id=\"ember97\" class=\"ember-view reader-text-block__paragraph\">Ruy de Lacerda supported the personal and professional development of engineer Sabino Borges. \u2018I feel very fulfilled professionally. I confess that I didn&#8217;t have the idea of becoming the CEO of a respected organisation like this. There was one thing I wanted, and that was to work in something I really liked and with people I liked.\u2019<\/p>\n<p id=\"ember98\" class=\"ember-view reader-text-block__paragraph\">As CEO, he continues to encourage the development of a culture that values strategy, respect for time and professional growth, carrying out appropriate professional management and maintaining Ruy de Lacerda as an example of innovation, ethics and responsibility in the sector. \u2018We want to continue this method of professional management more and more. Ruy de Lacerda has been doing this for a long time. Today we talk about professional management, but if you think about it, if I&#8217;ve been a partner for 23 years, Ruy de Lacerda has been doing it for a long time.\u2019<\/p>\n<p id=\"ember99\" class=\"ember-view reader-text-block__paragraph\"><strong>The future of Sabino Borges at Ruy de Lacerda<\/strong><\/p>\n<p id=\"ember100\" class=\"ember-view reader-text-block__paragraph\">Engineer Sabino Borges&#8217; leadership is indispensable to Ruy de Lacerda&#8217;s success. Even before he became CEO, Sabino Borges already demonstrated the values that epitomise Ruy de Lacerda.<\/p>\n<p id=\"ember101\" class=\"ember-view reader-text-block__paragraph\">We are proud to collaborate with Mr Sabino on a day-to-day basis and learn from his example and experience acquired over a lifetime of supporting industry in Portugal.<\/p>\n<p id=\"ember102\" class=\"ember-view reader-text-block__paragraph\">Engineer Sabino is an example of professionalism, strategy, business intelligence and work-life balance. Under his leadership we are able to continue bringing the best solutions, products and technical and market knowledge to support industry in Portugal.<\/p>\n\t\t\t\t\t\t\t\t<\/div>\n\t\t\t\t<\/div>\n\t\t\t\t\t<\/div>\n\t\t<\/div>\n\t\t\t\t\t<\/div>\n\t\t<\/section>\n\t\t<div class=\"elementor-element elementor-element-010ec74 e-flex e-con-boxed qodef-elementor-content-no e-con e-parent\" data-id=\"010ec74\" data-element_type=\"container\">\n\t\t\t\t\t<div class=\"e-con-inner\">\n\t\t\t\t\t<\/div>\n\t\t\t\t<\/div>\n\t\t\t\t<\/div>\n\t\t","protected":false},"excerpt":{"rendered":"<p>Today we highlight our CEO, a professional whose journey at Ruy de Lacerda S.A. | Group is marked by tireless dedication, strategic vision, and a passion for his work. Graduated in Engineering from ISEP \u2013 Instituto Superior de Engenharia do Porto, Engineer Sabino Borges joined Ruy de Lacerda&#8230;<\/p>\n","protected":false},"author":2,"featured_media":14947,"comment_status":"closed","ping_status":"closed","sticky":false,"template":"","format":"standard","meta":{"_acf_changed":false,"_joinchat":[],"footnotes":""},"categories":[181],"tags":[],"class_list":["post-14953","post","type-post","status-publish","format-standard","has-post-thumbnail","hentry","category-rdl-institutional"],"acf":[],"_links":{"self":[{"href":"https:\/\/www.ruydelacerda.pt\/en\/wp-json\/wp\/v2\/posts\/14953","targetHints":{"allow":["GET"]}}],"collection":[{"href":"https:\/\/www.ruydelacerda.pt\/en\/wp-json\/wp\/v2\/posts"}],"about":[{"href":"https:\/\/www.ruydelacerda.pt\/en\/wp-json\/wp\/v2\/types\/post"}],"author":[{"embeddable":true,"href":"https:\/\/www.ruydelacerda.pt\/en\/wp-json\/wp\/v2\/users\/2"}],"replies":[{"embeddable":true,"href":"https:\/\/www.ruydelacerda.pt\/en\/wp-json\/wp\/v2\/comments?post=14953"}],"version-history":[{"count":2,"href":"https:\/\/www.ruydelacerda.pt\/en\/wp-json\/wp\/v2\/posts\/14953\/revisions"}],"predecessor-version":[{"id":15036,"href":"https:\/\/www.ruydelacerda.pt\/en\/wp-json\/wp\/v2\/posts\/14953\/revisions\/15036"}],"wp:featuredmedia":[{"embeddable":true,"href":"https:\/\/www.ruydelacerda.pt\/en\/wp-json\/wp\/v2\/media\/14947"}],"wp:attachment":[{"href":"https:\/\/www.ruydelacerda.pt\/en\/wp-json\/wp\/v2\/media?parent=14953"}],"wp:term":[{"taxonomy":"category","embeddable":true,"href":"https:\/\/www.ruydelacerda.pt\/en\/wp-json\/wp\/v2\/categories?post=14953"},{"taxonomy":"post_tag","embeddable":true,"href":"https:\/\/www.ruydelacerda.pt\/en\/wp-json\/wp\/v2\/tags?post=14953"}],"curies":[{"name":"wp","href":"https:\/\/api.w.org\/{rel}","templated":true}]}}