{"id":14963,"date":"2024-11-11T07:00:01","date_gmt":"2024-11-11T07:00:01","guid":{"rendered":"https:\/\/www.ruydelacerda.pt\/attracting-and-retaining-talent-efr-certification\/"},"modified":"2025-11-28T11:02:31","modified_gmt":"2025-11-28T11:02:31","slug":"attracting-and-retaining-talent-efr-certification","status":"publish","type":"post","link":"https:\/\/www.ruydelacerda.pt\/en\/attracting-and-retaining-talent-efr-certification\/","title":{"rendered":"Attracting and Retaining Talent \u2013 \u201cEFR\u201d Certification"},"content":{"rendered":"\t\t<div data-elementor-type=\"wp-post\" data-elementor-id=\"14963\" class=\"elementor elementor-14963 elementor-14955\">\n\t\t\t\t\t\t<section class=\"elementor-section elementor-top-section elementor-element elementor-element-3a875029 elementor-section-full_width elementor-section-height-default elementor-section-height-default qodef-elementor-content-no\" data-id=\"3a875029\" data-element_type=\"section\">\n\t\t\t\t\t\t<div class=\"elementor-container elementor-column-gap-default\">\n\t\t\t\t\t<div class=\"elementor-column elementor-col-100 elementor-top-column elementor-element elementor-element-22ee66ef\" data-id=\"22ee66ef\" data-element_type=\"column\">\n\t\t\t<div class=\"elementor-widget-wrap elementor-element-populated\">\n\t\t\t\t\t\t<div class=\"elementor-element elementor-element-cba7d75 elementor-widget elementor-widget-text-editor\" data-id=\"cba7d75\" data-element_type=\"widget\" data-widget_type=\"text-editor.default\">\n\t\t\t\t<div class=\"elementor-widget-container\">\n\t\t\t\t\t\t\t\t\t<p>(English Below) \ud83c\uddf5\ud83c\uddf9<\/p>\n<p id=\"ember52\" class=\"ember-view reader-text-block__paragraph\"><strong>Artigo do Sr. David Zamith<\/strong> <strong>no Jornal VidaEcon\u00f3mica, Janeiro 2024<\/strong><\/p>\n<p id=\"ember54\" class=\"ember-view reader-text-block__paragraph\">Criar condi\u00e7\u00f5es para incentivar os seus colaboradores a permanecer \u00e9 importante, como saber porqu\u00ea os seus colaboradores procuram novo emprego pode ser mais importante para desenvolver uma estrat\u00e9gia de reten\u00e7\u00e3o eficaz ou, ainda, saber o motivo por que a sua equipa se sente bem na sua empresa ou at\u00e9 pela atra\u00e7\u00e3o dos melhores? E vamos fazer a nossa an\u00e1lise partindo deste \u00faltimo pressuposto, sentir-se bem onde trabalha, logo olhando para a nova Norma IPQ 4059, norma relativa \u00e0 gest\u00e3o de Bem-Estar e Felicidade Organizacional, que aponta aos Objectivos de Desenvolvimento Sustent\u00e1vel ODS 3 \u2013 Sa\u00fade e Bem-Estar e ODS 8 \u2013 Felicidade Organizacional.<\/p>\n<p id=\"ember55\" class=\"ember-view reader-text-block__paragraph\">Hoje fala-se muito sobre a Intelig\u00eancia Artificial (IA) e os seus efeitos no mundo do trabalho mas pouco se fala sobre o Humanismo nas Empresas ou como criar verdadeiras e atrativas condi\u00e7\u00f5es, a come\u00e7ar pela Forma\u00e7\u00e3o Cont\u00ednua das equipas, forma\u00e7\u00e3o fundamental para a nova era IA, ou como se propala hoje pela necessidade de \u201cAprender a Aprender\u201d toda a vida; a Forma\u00e7\u00e3o \u00e9 fundamental para o desenvolvimento de conhecimentos e compet\u00eancias que permitam o colocar as pessoas no centro das organiza\u00e7\u00f5es, dando oportunidades de carreira e trabalhando num ecossistema agrad\u00e1vel, flex\u00edvel, com boas ferramentas de trabalho, ou seja, criando condi\u00e7\u00f5es para que cada qual seja aut\u00f3nomo na sua atividade (l\u00edderes empresariais), como bem se verificou durante a pandemia com o trabalho remoto, onde empresas (algumas j\u00e1 utilizavam esse dito \u201chomework\u201d) n\u00e3o sentiram quaisquer dificuldades na sua implementa\u00e7\u00e3o e outras o mesmo n\u00e3o pode ser dito!<\/p>\n<p id=\"ember56\" class=\"ember-view reader-text-block__paragraph\">S\u00f3 com uma estrat\u00e9gia de forma\u00e7\u00e3o cont\u00ednua \u00e9 poss\u00edvel elevar o saber geral na empresa (com a partilha de conhecimentos dentro das equipas) e transmitir autonomia no trabalho! E esse foi um dos pontos que levou a Fundaci\u00f3n M\u00e1s Familia a criar a Certifica\u00e7\u00e3o \u201cefr\u201d \u2013 Empresas Familiarmente Respons\u00e1veis, certifica\u00e7\u00e3o co-emitida em Portugal pela ACEGE &#8211; Associa\u00e7\u00e3o Crist\u00e3 de Empres\u00e1rios e Gestores, a qual refor\u00e7a a concilia\u00e7\u00e3o entre as esferas laboral e familiar, em empresas de qualquer dimens\u00e3o!<\/p>\n<p id=\"ember57\" class=\"ember-view reader-text-block__paragraph\">Boas pr\u00e1ticas de concilia\u00e7\u00e3o nas empresas: \u00c9 muito importante conhecer as boas pr\u00e1ticas de concilia\u00e7\u00e3o nas ). Para isso, a gest\u00e3o do work-life balance posiciona-se como chave em quest\u00f5es de lideran\u00e7a, remunera\u00e7\u00e3o, competitividade ou reputa\u00e7\u00e3o corporativa, cultura humanista e cultura \u00e9tica, entre outras. E \u00e9 que as boas pr\u00e1ticas em mat\u00e9ria de concilia\u00e7\u00e3o s\u00e3o um aspeto fundamental no modelo de gest\u00e3o de pessoas de uma empresa, uma vez que nela assentam os seus princ\u00edpios e valores. Uma empresa s\u00f3 pode ser competitiva se tiver a capacidade de se adaptar ao mercado atual e \u00e0s necessidades e novas exig\u00eancias dos seus clientes. Com esse objetivo, empresas l\u00edderes se reinventam a cada dia, sendo flex\u00edveis com os seus clientes e tamb\u00e9m implementando planos flex\u00edveis com os seus colaboradores.<\/p>\n<p id=\"ember58\" class=\"ember-view reader-text-block__paragraph\">Ter boas pr\u00e1ticas de concilia\u00e7\u00e3o entre vida profissional e familiar, como flexibilidade temporal e espacial, apoio ao desenvolvimento profissional, pessoal ou familiar, promo\u00e7\u00e3o da diversidade, inclus\u00e3o, desenvolvimento de novos modelos de lideran\u00e7a ou promo\u00e7\u00e3o do uso de novas tecnologias e ferramentas, n\u00e3o \u00e9 apenas uma necessidade atual, mas tamb\u00e9m \u00e9 um poderoso est\u00edmulo para o trabalhador e refor\u00e7a positivamente o compromisso entre a empresa e os seus profissionais.<\/p>\n<p id=\"ember59\" class=\"ember-view reader-text-block__paragraph\">As empresas \u201cefr\u201d s\u00e3o refer\u00eancia quando falamos de boas pr\u00e1ticas em concilia\u00e7\u00e3o. Muitos t\u00eam levado a gest\u00e3o da concilia\u00e7\u00e3o a algo al\u00e9m de uma mera certifica\u00e7\u00e3o, que \u00e9 justamente o objetivo desta ferramenta de melhoria cont\u00ednua. Fizeram dela um dos seus pilares fundamentais em termos de cultura e lideran\u00e7a, um exemplo a seguir, como que utilizando os elementos do \u201cefr\u201d como pilar base na elabora\u00e7\u00e3o de C\u00f3digo de Governo ESG, para uma gest\u00e3o moderna na trilogia das preocupa\u00e7\u00f5es Ambientais, Sociais e Econ\u00f3micas ou em linguagem anglo-sax\u00f3nica, seguindo a pol\u00edtica dos 3P: People &#8211; Planet &#8211; Profit! Num mundo, vol\u00e1til e incerto, as empresas\u00a0 t\u00eam de se adaptar rapidamente, serem \u00e1geis e flex\u00edveis, numa Vis\u00e3o Estrat\u00e9gica de Transpar\u00eancia, apostando forte nas pessoas e no conhecimento para uma aposta nas lideran\u00e7as a n\u00edvel transversal da empresa, numa cultura \u00e9tica e motivacional com foco na cria\u00e7\u00e3o de riqueza e do bem comum, transmitindo estabilidade, exemplo e seguran\u00e7a, como suportes de responsabilidade social interna e do tal bem-estar e felicidade organizacional a que todos almejamos, retendo e atraindo os melhores!<\/p>\n\t\t\t\t\t\t\t\t<\/div>\n\t\t\t\t<\/div>\n\t\t\t\t\t<\/div>\n\t\t<\/div>\n\t\t\t\t\t<\/div>\n\t\t<\/section>\n\t\t<div class=\"elementor-element elementor-element-0acfde5 e-flex e-con-boxed qodef-elementor-content-no e-con e-parent\" data-id=\"0acfde5\" data-element_type=\"container\">\n\t\t\t\t\t<div class=\"e-con-inner\">\n\t\t\t\t<div class=\"elementor-element elementor-element-6f97308 elementor-widget-divider--view-line_icon elementor-view-default elementor-widget-divider--element-align-center elementor-widget elementor-widget-divider\" data-id=\"6f97308\" data-element_type=\"widget\" data-widget_type=\"divider.default\">\n\t\t\t\t<div class=\"elementor-widget-container\">\n\t\t\t\t\t\t\t<div class=\"elementor-divider\">\n\t\t\t<span class=\"elementor-divider-separator\">\n\t\t\t\t\t\t\t<div class=\"elementor-icon elementor-divider__element\">\n\t\t\t\t\t<svg xmlns=\"http:\/\/www.w3.org\/2000\/svg\" width=\"60\" height=\"68\" viewBox=\"0 0 60 68\" fill=\"none\"><g clip-path=\"url(#clip0_16_2821)\"><path fill-rule=\"evenodd\" clip-rule=\"evenodd\" d=\"M5.92 17.48L27.59 4.92003C26.39 4.15003 25.73 2.93003 25.75 1.66003L4.09 14.29C5.18 15.04 5.86 16.07 5.91 17.48\" fill=\"#D39620\"><\/path><path fill-rule=\"evenodd\" clip-rule=\"evenodd\" d=\"M33.69 1.66003L55.36 14.22C54.16 14.99 53.5 16.21 53.52 17.48L31.87 4.86003C32.96 4.11003 33.64 3.08003 33.69 1.67003\" fill=\"#D39620\"><\/path><path fill-rule=\"evenodd\" clip-rule=\"evenodd\" d=\"M56.38 52.73L33.62 66.03C33.54 64.61 33.12 63.36 31.95 62.51L53.7 49.91C53.82 51.23 55.09 52.22 56.38 52.72\" fill=\"#D39620\"><\/path><path fill-rule=\"evenodd\" clip-rule=\"evenodd\" d=\"M27.64 62.58L5.7 49.73C5.62 51.15 4.29 51.85 3.13 52.7L25.64 65.79C25.76 64.47 26.35 63.08 27.64 62.58Z\" fill=\"#D39620\"><\/path><path fill-rule=\"evenodd\" clip-rule=\"evenodd\" d=\"M3.82 45.66L3.74 21.29C2.48 21.93 1.09 21.9 0 21.27L0.14 45.66C1.34 45.1 2.56 45.03 3.82 45.66Z\" fill=\"#D39620\"><\/path><path fill-rule=\"evenodd\" clip-rule=\"evenodd\" d=\"M59.63 45.66L59.55 21.29C58.29 21.93 56.9 21.9 55.81 21.27L55.95 45.66C57.15 45.1 58.37 45.03 59.63 45.66Z\" fill=\"#D39620\"><\/path><path d=\"M14.39 29.26C13.49 29.26 12.4 29.27 11.1 29.27L11.06 35.6L14.57 35.55C19.11 35.61 18.99 29.48 14.39 29.26ZM16.81 43.27L13.8 38.41H11.1V43.25H8.35999V26.67H14.42C15.7 26.67 16.81 26.91 17.76 27.38C18.71 27.85 19.43 28.53 19.94 29.42C20.45 30.3 20.7 31.35 20.7 32.57C20.7 33.79 20.43 34.89 19.89 35.79C19.35 36.69 18.57 37.36 17.56 37.8L20.95 43.25L16.81 43.27Z\" fill=\"#D39620\"><\/path><path d=\"M29.7 40.56C30.82 40.56 31.8 40.33 32.65 39.86C33.5 39.39 34.15 38.73 34.61 37.86C35.07 37 35.3 35.99 35.3 34.85C35.3 33.71 35.07 32.71 34.61 31.84C34.15 30.98 33.5 30.31 32.65 29.84C31.8 29.37 30.81 29.14 29.7 29.14H25.99V40.55H29.7V40.56ZM23.16 26.53H29.83C31.46 26.53 32.9 26.87 34.17 27.56C35.43 28.25 36.42 29.22 37.11 30.48C37.81 31.74 38.16 33.19 38.16 34.84C38.16 36.49 37.81 37.94 37.11 39.2C36.41 40.46 35.43 41.43 34.17 42.12C32.91 42.81 31.46 43.15 29.83 43.15H23.16V26.51V26.53Z\" fill=\"#D39620\"><\/path><path d=\"M41.26 26.53H44.09V40.56L52.61 40.58V43.19L41.26 43.17V26.53Z\" fill=\"#D39620\"><\/path><path fill-rule=\"evenodd\" clip-rule=\"evenodd\" d=\"M57.23 15.6899C58.18 15.6899 58.95 16.4899 58.95 17.4899C58.95 18.4899 58.18 19.2899 57.23 19.2899C56.28 19.2899 55.51 18.4899 55.51 17.4899C55.51 16.4899 56.28 15.6899 57.23 15.6899Z\" fill=\"#D39620\"><\/path><path fill-rule=\"evenodd\" clip-rule=\"evenodd\" d=\"M57.23 47.0601C58.18 47.0601 58.95 47.8601 58.95 48.8601C58.95 49.8601 58.18 50.6601 57.23 50.6601C56.28 50.6601 55.51 49.8601 55.51 48.8601C55.51 47.8601 56.28 47.0601 57.23 47.0601Z\" fill=\"#D39620\"><\/path><path fill-rule=\"evenodd\" clip-rule=\"evenodd\" d=\"M2.01999 15.6899C2.96999 15.6899 3.73999 16.4899 3.73999 17.4899C3.73999 18.4899 2.96999 19.2899 2.01999 19.2899C1.06999 19.2899 0.299988 18.4899 0.299988 17.4899C0.299988 16.4899 1.06999 15.6899 2.01999 15.6899Z\" fill=\"#D39620\"><\/path><path fill-rule=\"evenodd\" clip-rule=\"evenodd\" d=\"M2.01999 47.0601C2.96999 47.0601 3.73999 47.8601 3.73999 48.8601C3.73999 49.8601 2.96999 50.6601 2.01999 50.6601C1.06999 50.6601 0.299988 49.8601 0.299988 48.8601C0.299988 47.8601 1.06999 47.0601 2.01999 47.0601Z\" fill=\"#D39620\"><\/path><path fill-rule=\"evenodd\" clip-rule=\"evenodd\" d=\"M29.78 63.95C30.73 63.95 31.5 64.75 31.5 65.75C31.5 66.75 30.73 67.55 29.78 67.55C28.83 67.55 28.06 66.75 28.06 65.75C28.06 64.75 28.83 63.95 29.78 63.95Z\" fill=\"#D39620\"><\/path><path fill-rule=\"evenodd\" clip-rule=\"evenodd\" d=\"M29.78 0C30.73 0 31.5 0.8 31.5 1.8C31.5 2.8 30.73 3.6 29.78 3.6C28.83 3.6 28.06 2.8 28.06 1.8C28.06 0.8 28.83 0 29.78 0Z\" fill=\"#D39620\"><\/path><\/g><defs><clipPath id=\"clip0_16_2821\"><rect width=\"59.63\" height=\"67.54\" fill=\"white\"><\/rect><\/clipPath><\/defs><\/svg><\/div>\n\t\t\t\t\t\t<\/span>\n\t\t<\/div>\n\t\t\t\t\t\t<\/div>\n\t\t\t\t<\/div>\n\t\t\t\t\t<\/div>\n\t\t\t\t<\/div>\n\t\t\t\t<section class=\"elementor-section elementor-top-section elementor-element elementor-element-662db0b elementor-section-full_width elementor-section-height-default elementor-section-height-default qodef-elementor-content-no\" data-id=\"662db0b\" data-element_type=\"section\">\n\t\t\t\t\t\t<div class=\"elementor-container elementor-column-gap-default\">\n\t\t\t\t\t<div class=\"elementor-column elementor-col-100 elementor-top-column elementor-element elementor-element-7f4dd06\" data-id=\"7f4dd06\" data-element_type=\"column\">\n\t\t\t<div class=\"elementor-widget-wrap elementor-element-populated\">\n\t\t\t\t\t\t<div class=\"elementor-element elementor-element-a845236 elementor-widget elementor-widget-text-editor\" data-id=\"a845236\" data-element_type=\"widget\" data-widget_type=\"text-editor.default\">\n\t\t\t\t<div class=\"elementor-widget-container\">\n\t\t\t\t\t\t\t\t\t<p>\ud83c\uddec\ud83c\udde7<\/p>\n<p id=\"ember62\" class=\"ember-view reader-text-block__heading-2\"><strong>Attracting and retaining talent &#8211; \u2018efr\u2019 certification<\/strong><\/p>\n<p id=\"ember63\" class=\"ember-view reader-text-block__heading-3\"><strong>Article by Mr David Zamith in VidaEcon\u00f3mica newspaper, January 2024<\/strong><\/p>\n<p id=\"ember64\" class=\"ember-view reader-text-block__paragraph\">Creating the conditions to encourage your employees to stay is important, but knowing why your employees are looking for a new job may be more important to developing an effective retention strategy, or even knowing why your team feels good in your company or even attracting the best? We\u2019re going to make our analysis based on this last assumption, feeling good about where you work, looking at the new IPQ Standard 4059, a standard on the management of Well-being and Organisational Happiness, which points to the Sustainable Development Goals SDG 3 &#8211; Health and Well-being and SDG 8 &#8211; Organisational Happiness.<\/p>\n<p id=\"ember65\" class=\"ember-view reader-text-block__paragraph\">There&#8217;s a lot of talk today about Artificial Intelligence (AI) and its effects on the world of work, but little is said about Humanism in Companies or how to create truly attractive conditions, starting with the Continuous Training of teams, which is fundamental for the new AI era, or as it&#8217;s called today, the need to \u2018Learn to Learn\u2019 all your life; Training is fundamental for developing knowledge and skills that allow people to be placed at the centre of organisations, providing career opportunities and working in a pleasant, flexible ecosystem with good working tools, in other words, creating the conditions for everyone to be autonomous in their activity (business leaders), as has been seen during the pandemic with remote working, where companies (some of which already used this so-called \u2018homework\u2019) experienced no difficulties in implementing it and others the same cannot be said!<\/p>\n<p id=\"ember66\" class=\"ember-view reader-text-block__paragraph\">Only with a continuous training strategy is it possible to raise general knowledge in the company (by sharing knowledge within teams) and transmit autonomy at work! And this was one of the points that led Fundaci\u00f3n M\u00e1s Familia to create the \u2018efr\u2019 Certification &#8211; Family Responsible Companies, a certification co-issued in Portugal by ACEGE &#8211; Christian Association of Entrepreneurs and Managers, which reinforces the reconciliation of work and family life in companies of any size!<\/p>\n<p id=\"ember67\" class=\"ember-view reader-text-block__paragraph\">Good work-life balance practices in companies: It is very important to know the good work-life balance practices in companies.) To this end, work-life balance management is key to issues of leadership, remuneration, competitiveness or corporate reputation, humanist culture and ethical culture, among others. Good work-life balance practices are a fundamental aspect of a company&#8217;s people management model, as they underpin its principles and values. A company can only be competitive if it has the ability to adapt to the current market and the needs and new demands of its customers. To this end, leading companies reinvent themselves every day, being flexible with their customers and also implementing flexible plans with their employees.<\/p>\n<p id=\"ember68\" class=\"ember-view reader-text-block__paragraph\">Having good work-life balance practices, such as time and space flexibility, support for professional, personal or family development, promotion of diversity, inclusion, development of new leadership models or promotion of the use of new technologies and tools, is not only a current necessity, but it is also a powerful stimulus for the worker and positively reinforces the commitment between the company and its professionals.<\/p>\n<p id=\"ember69\" class=\"ember-view reader-text-block__paragraph\">The \u2018efr\u2019 companies are a benchmark when it comes to good practice in conciliation. Many have taken conciliation management beyond mere certification, which is precisely the aim of this continuous improvement tool. They have made it one of their fundamental pillars in terms of culture and leadership, an example to follow, as if using the elements of \u2018efr\u2019 as a basic pillar in drawing up the ESG Code of Governance, for modern management in the trilogy of Environmental, Social and Economic concerns, or in Anglo-Saxon language, following the 3P policy: People &#8211; Planet &#8211; Profit! In a volatile and uncertain world, companies have to adapt quickly, be agile and flexible, with a Strategic Vision of Transparency, betting heavily on people and knowledge for leadership across the company, in an ethical and motivational culture focused on creating wealth and the common good, transmitting stability, example and security, as supports for internal social responsibility and the well-being and organisational happiness we all crave, retaining and attracting the best!<\/p>\n\t\t\t\t\t\t\t\t<\/div>\n\t\t\t\t<\/div>\n\t\t\t\t\t<\/div>\n\t\t<\/div>\n\t\t\t\t\t<\/div>\n\t\t<\/section>\n\t\t<div class=\"elementor-element elementor-element-010ec74 e-flex e-con-boxed qodef-elementor-content-no e-con e-parent\" data-id=\"010ec74\" data-element_type=\"container\">\n\t\t\t\t\t<div class=\"e-con-inner\">\n\t\t\t\t\t<\/div>\n\t\t\t\t<\/div>\n\t\t\t\t<\/div>\n\t\t","protected":false},"excerpt":{"rendered":"<p>Creating conditions to encourage employees to stay is important, but understanding why your employees look for new opportunities can be even more crucial for developing an effective retention strategy. Equally important is knowing why your team feels good working at your company or what attracts the best talent to join your organization?&#8230;<\/p>\n","protected":false},"author":2,"featured_media":14957,"comment_status":"closed","ping_status":"closed","sticky":false,"template":"","format":"standard","meta":{"_acf_changed":false,"_joinchat":[],"footnotes":""},"categories":[181],"tags":[],"class_list":["post-14963","post","type-post","status-publish","format-standard","has-post-thumbnail","hentry","category-rdl-institutional"],"acf":[],"_links":{"self":[{"href":"https:\/\/www.ruydelacerda.pt\/en\/wp-json\/wp\/v2\/posts\/14963","targetHints":{"allow":["GET"]}}],"collection":[{"href":"https:\/\/www.ruydelacerda.pt\/en\/wp-json\/wp\/v2\/posts"}],"about":[{"href":"https:\/\/www.ruydelacerda.pt\/en\/wp-json\/wp\/v2\/types\/post"}],"author":[{"embeddable":true,"href":"https:\/\/www.ruydelacerda.pt\/en\/wp-json\/wp\/v2\/users\/2"}],"replies":[{"embeddable":true,"href":"https:\/\/www.ruydelacerda.pt\/en\/wp-json\/wp\/v2\/comments?post=14963"}],"version-history":[{"count":1,"href":"https:\/\/www.ruydelacerda.pt\/en\/wp-json\/wp\/v2\/posts\/14963\/revisions"}],"predecessor-version":[{"id":14964,"href":"https:\/\/www.ruydelacerda.pt\/en\/wp-json\/wp\/v2\/posts\/14963\/revisions\/14964"}],"wp:featuredmedia":[{"embeddable":true,"href":"https:\/\/www.ruydelacerda.pt\/en\/wp-json\/wp\/v2\/media\/14957"}],"wp:attachment":[{"href":"https:\/\/www.ruydelacerda.pt\/en\/wp-json\/wp\/v2\/media?parent=14963"}],"wp:term":[{"taxonomy":"category","embeddable":true,"href":"https:\/\/www.ruydelacerda.pt\/en\/wp-json\/wp\/v2\/categories?post=14963"},{"taxonomy":"post_tag","embeddable":true,"href":"https:\/\/www.ruydelacerda.pt\/en\/wp-json\/wp\/v2\/tags?post=14963"}],"curies":[{"name":"wp","href":"https:\/\/api.w.org\/{rel}","templated":true}]}}