{"id":14972,"date":"2024-10-21T07:00:38","date_gmt":"2024-10-21T07:00:38","guid":{"rendered":"https:\/\/www.ruydelacerda.pt\/meet-andrea-neves-a-remarkable-member-of-ruy-de-lacerdas-sales-team\/"},"modified":"2025-11-28T14:20:27","modified_gmt":"2025-11-28T14:20:27","slug":"meet-andrea-neves-a-remarkable-member-of-ruy-de-lacerdas-sales-team","status":"publish","type":"post","link":"https:\/\/www.ruydelacerda.pt\/en\/meet-andrea-neves-a-remarkable-member-of-ruy-de-lacerdas-sales-team\/","title":{"rendered":"Meet Andrea Neves: A Remarkable Member of Ruy de Lacerda\u2019s Sales Team"},"content":{"rendered":"\t\t<div data-elementor-type=\"wp-post\" data-elementor-id=\"14972\" class=\"elementor elementor-14972 elementor-14965\">\n\t\t\t\t\t\t<section class=\"elementor-section elementor-top-section elementor-element elementor-element-3a875029 elementor-section-full_width elementor-section-height-default elementor-section-height-default qodef-elementor-content-no\" data-id=\"3a875029\" data-element_type=\"section\">\n\t\t\t\t\t\t<div class=\"elementor-container elementor-column-gap-default\">\n\t\t\t\t\t<div class=\"elementor-column elementor-col-100 elementor-top-column elementor-element elementor-element-22ee66ef\" data-id=\"22ee66ef\" data-element_type=\"column\">\n\t\t\t<div class=\"elementor-widget-wrap elementor-element-populated\">\n\t\t\t\t\t\t<div class=\"elementor-element elementor-element-cba7d75 elementor-widget elementor-widget-text-editor\" data-id=\"cba7d75\" data-element_type=\"widget\" data-widget_type=\"text-editor.default\">\n\t\t\t\t<div class=\"elementor-widget-container\">\n\t\t\t\t\t\t\t\t\t<p>(English Below) \ud83c\uddf5\ud83c\uddf9<\/p>\n<p><strong>&#8220;Quem \u00e9 Quem&#8221;<\/strong><\/p>\n<p id=\"ember53\" class=\"ember-view reader-text-block__paragraph\">Hoje destacamos <a id=\"ember54\" class=\"ember-view\" tabindex=\"0\" href=\"https:\/\/www.linkedin.com\/in\/andrea-neves-rdl\/\">Andrea Neves<\/a>, uma das nossas talentosas colaboradoras que, desde novembro de 2021, tem vindo a marcar a diferen\u00e7a na Ruy de Lacerda.<\/p>\n<p id=\"ember55\" class=\"ember-view reader-text-block__paragraph\">Conhe\u00e7a o seu percurso pela Ruy de Lacerda, as suas aprendizagens e o impacto que tem tido na nossa equipa<\/p>\n<p id=\"ember56\" class=\"ember-view reader-text-block__paragraph\"><strong>Qual \u00e9 o seu papel na Ruy de Lacerda e h\u00e1 quanto tempo faz parte da equipa?<\/strong><\/p>\n<p id=\"ember57\" class=\"ember-view reader-text-block__paragraph\">&#8220;Em novembro de 2024 far\u00e1 3 anos desde que ingressei na Ruy de Lacerda, mais em concreto, como a primeira mulher na equipa comercial da empresa. Desempenho o papel de Segment Technical Manager, atuando em diferentes ind\u00fastrias. Comunico diariamente com clientes e parceiros para avaliarmos oportunidades de neg\u00f3cio e dar o devido seguimento \u00e0s mesmas. Al\u00e9m disso, realizo prospe\u00e7\u00e3o de novos clientes e parceiros, participando em exibi\u00e7\u00f5es europeias, com o objetivo de potenciar novas oportunidades de neg\u00f3cio.&#8221;<\/p>\n<p id=\"ember58\" class=\"ember-view reader-text-block__paragraph\">Desde a sua entrada, a Andrea tem sido um membro importante na equipa comercial, sendo um exemplo de inova\u00e7\u00e3o e dinamismo na prospe\u00e7\u00e3o e desenvolvimento de neg\u00f3cios. A sua capacidade e vontade de aprender s\u00e3o exemplos da sua \u00e9tica de trabalho e adaptabilidade.<\/p>\n<p id=\"ember59\" class=\"ember-view reader-text-block__paragraph\"><strong>O que mais gosta no seu trabalho e na Ruy de Lacerda?<\/strong><\/p>\n<p id=\"ember60\" class=\"ember-view reader-text-block__paragraph\">&#8220;O que me d\u00e1 mais satisfa\u00e7\u00e3o nos meus dias de trabalho \u00e9 saber que estou a contribuir de uma forma proativa para o sucesso da equipa e sentir uma sensa\u00e7\u00e3o de miss\u00e3o cumprida ao final do dia. Uma das coisas que mais aprecio neste trabalho \u00e9 que todas as minhas semanas s\u00e3o diferentes. As conex\u00f5es positivas que tenho vindo a criar com os meus colegas, chefes, clientes e parceiros tamb\u00e9m s\u00e3o uma grande valia para mim.&#8221;<\/p>\n<p id=\"ember61\" class=\"ember-view reader-text-block__paragraph\">A Andrea valoriza o dinamismo do seu papel e a oportunidade de colaborar com uma equipa diversa e dedicada. A constante variedade nas suas semanas de trabalho mant\u00e9m o seu esp\u00edrito motivado e envolvido, proporcionando-lhe a satisfa\u00e7\u00e3o de saber que o seu contributo \u00e9 importante para o sucesso da empresa.<\/p>\n<p id=\"ember62\" class=\"ember-view reader-text-block__paragraph\"><strong>Qual foi um momento marcante\/inesquec\u00edvel que teve ao trabalhar com a Ruy de Lacerda?<\/strong><\/p>\n<p id=\"ember63\" class=\"ember-view reader-text-block__paragraph\">&#8220;Sendo este o meu primeiro emprego desde que terminei os meus estudos, um momento marcante para mim foi a minha aprova\u00e7\u00e3o enquanto nova colaboradora na Ruy de Lacerda. Recordo-me, e muito bem, de estar rodeada por toda a administra\u00e7\u00e3o a felicitarem-me por ser o membro mais recente da equipa. Realmente foi um momento muito especial para mim. J\u00e1 a trabalhar, um momento marcante foi o agradecimento do nosso CEO, Eng\u00ba <a id=\"ember64\" class=\"ember-view\" tabindex=\"0\" href=\"https:\/\/www.linkedin.com\/in\/eng-sabino-borges\/\">Sabino Borges<\/a> , no \u00faltimo almo\u00e7o de Natal de 2023. O ano de 2023 foi particularmente dif\u00edcil para mim e senti-me valorizada e emocionada com esse discurso.&#8221;<\/p>\n<p id=\"ember65\" class=\"ember-view reader-text-block__paragraph\">O reconhecimento e o apoio que Andrea recebeu ao longo da sua jornada na Ruy de Lacerda t\u00eam sido essenciais para o seu crescimento e desenvolvimento. Esses momentos marcantes, tanto na sua entrada na empresa como no apoio cont\u00ednuo da administra\u00e7\u00e3o, refor\u00e7aram a sua liga\u00e7\u00e3o \u00e0 Ruy de Lacerda.<\/p>\n<p id=\"ember66\" class=\"ember-view reader-text-block__paragraph\"><strong>Quais s\u00e3o os seus hobbies\/interesses fora da RDL?<\/strong><\/p>\n<p id=\"ember67\" class=\"ember-view reader-text-block__paragraph\">&#8220;Acredito que \u00e9 importante conseguirmos ter um equil\u00edbrio entre a nossa vida profissional e pessoal, pois as duas complementam-se. Fora da Ruy de Lacerda, tenho uma paix\u00e3o por viajar. Todos os anos costumo fazer uma viagem e t\u00eam-se tornado todas inesquec\u00edveis. Dou muito valor \u00e0s pessoas que amo e tento passar o m\u00e1ximo tempo poss\u00edvel junto delas. Aprecio novas gastronomias e, neste momento, vou iniciar um curso de franc\u00eas. Desde que entrei na Ruy de Lacerda, surgiu um interesse especial em aprender novos idiomas.&#8221;<\/p>\n<p id=\"ember68\" class=\"ember-view reader-text-block__paragraph\">A Andrea equilibra a sua vida pessoal e profissional, dedicando tempo \u00e0 sua paix\u00e3o por viagens e ao conv\u00edvio com quem mais ama. O seu interesse por l\u00ednguas tamb\u00e9m tem sido incentivado pelo ambiente internacional da Ruy de Lacerda, o que a levou a iniciar o estudo de novos idiomas, que lhe traz crescimento pessoal e tamb\u00e9m profissional.<\/p>\n<p id=\"ember69\" class=\"ember-view reader-text-block__paragraph\"><strong>Qual foi o melhor conselho profissional que recebeu que a ajudou no trabalho com a Ruy de Lacerda?<\/strong><\/p>\n<p id=\"ember70\" class=\"ember-view reader-text-block__paragraph\">&#8220;De diferentes pessoas mas com o mesmo significado, o melhor conselho profissional que recebi at\u00e9 hoje \u00e9 que n\u00e3o devemos comparar o nosso trabalho\/desempenho com os dos nossos colegas. Todos somos diferentes, com qualidades excecionais, e devemos focar-nos nas nossas pr\u00f3prias metas, objetivos e sonhos para conseguir atingi-los.&#8221;<\/p>\n<p id=\"ember71\" class=\"ember-view reader-text-block__paragraph\">Tendo aprendido a valorizar as suas pr\u00f3prias capacidades e a concentrar-se nos seus objetivos, sem compara\u00e7\u00f5es, a Andrea aplica tamb\u00e9m este conselho \u00e0 sua vida pessoal, o que a ajudou a manter uma atitude positiva e focada no seu desenvolvimento cont\u00ednuo.<\/p>\n<p id=\"ember72\" class=\"ember-view reader-text-block__paragraph\"><strong>De que forma \u00e9 que a Ruy de Lacerda a ajudou a atingir os seus objetivos pessoais e profissionais?<\/strong><\/p>\n<p id=\"ember73\" class=\"ember-view reader-text-block__paragraph\">&#8220;Desde que ingressei na RDL com 23 anos, sinto que a minha maturidade cresceu, tanto a n\u00edvel profissional, como a n\u00edvel pessoal. Todas as pessoas envolvidas nesta empresa s\u00e3o \u00f3timos exemplos do que \u00e9 ser um excelente profissional. A Ruy de Lacerda \u00e9 uma empresa que pensa nos seus colaboradores, e cada vez mais noto e valorizo a \u00e9tica da Ruy de Lacerda. As \u00f3timas condi\u00e7\u00f5es que s\u00e3o disponibilizadas, como sal\u00e1rios, pr\u00e9mios e conv\u00edvios, continuam a proporcionar-me um sentimento de agradecimento, felicidade e estabilidade. Tudo isto contribui ativamente para a minha motiva\u00e7\u00e3o para continuar a lutar pelos meus objetivos pessoais e profissionais.&#8221;<\/p>\n<p id=\"ember74\" class=\"ember-view reader-text-block__paragraph\">A Ruy de Lacerda tem sido uma verdadeira parceira no crescimento pessoal e profissional de Andrea, oferecendo-lhe um ambiente de apoio e reconhecimento que a incentiva a alcan\u00e7ar as suas metas. A empresa n\u00e3o s\u00f3 investe no seu sucesso como colaboradora, mas tamb\u00e9m no seu bem-estar e realiza\u00e7\u00e3o pessoal.<\/p>\n<p id=\"ember75\" class=\"ember-view reader-text-block__paragraph\"><strong>A Andrea na Ruy de Lacerda<\/strong><\/p>\n<p id=\"ember76\" class=\"ember-view reader-text-block__paragraph\">Temos orgulho em ter uma colaboradora inteligente e motivada como a Andrea na nossa equipa comercial. Estes 3 anos de experi\u00eancia que tivemos com ela trouxeram muitas oportunidades de aprendizagem e crescimento para toda a equipa, e desejamos continuar a colaborar com ela e apoi\u00e1-la nos seus objetivos profissionais e pessoais.<\/p>\n<p id=\"ember77\" class=\"ember-view reader-text-block__paragraph\">A Andrea \u00e9 um exemplo de dedica\u00e7\u00e3o, crescimento e inova\u00e7\u00e3o na Ruy de Lacerda, e com membros como ela continuamos a trazer os melhores produtos, equipamentos, consum\u00edveis e conhecimento t\u00e9cnico e de mercado para apoiar a ind\u00fastria em Portugal.<\/p>\n\t\t\t\t\t\t\t\t<\/div>\n\t\t\t\t<\/div>\n\t\t\t\t\t<\/div>\n\t\t<\/div>\n\t\t\t\t\t<\/div>\n\t\t<\/section>\n\t\t<div class=\"elementor-element elementor-element-0acfde5 e-flex e-con-boxed qodef-elementor-content-no e-con e-parent\" data-id=\"0acfde5\" data-element_type=\"container\">\n\t\t\t\t\t<div class=\"e-con-inner\">\n\t\t\t\t<div class=\"elementor-element elementor-element-6f97308 elementor-widget-divider--view-line_icon elementor-view-default elementor-widget-divider--element-align-center elementor-widget elementor-widget-divider\" data-id=\"6f97308\" data-element_type=\"widget\" data-widget_type=\"divider.default\">\n\t\t\t\t<div class=\"elementor-widget-container\">\n\t\t\t\t\t\t\t<div class=\"elementor-divider\">\n\t\t\t<span class=\"elementor-divider-separator\">\n\t\t\t\t\t\t\t<div class=\"elementor-icon elementor-divider__element\">\n\t\t\t\t\t<svg xmlns=\"http:\/\/www.w3.org\/2000\/svg\" width=\"60\" height=\"68\" viewBox=\"0 0 60 68\" fill=\"none\"><g clip-path=\"url(#clip0_16_2821)\"><path fill-rule=\"evenodd\" clip-rule=\"evenodd\" d=\"M5.92 17.48L27.59 4.92003C26.39 4.15003 25.73 2.93003 25.75 1.66003L4.09 14.29C5.18 15.04 5.86 16.07 5.91 17.48\" fill=\"#D39620\"><\/path><path fill-rule=\"evenodd\" clip-rule=\"evenodd\" d=\"M33.69 1.66003L55.36 14.22C54.16 14.99 53.5 16.21 53.52 17.48L31.87 4.86003C32.96 4.11003 33.64 3.08003 33.69 1.67003\" fill=\"#D39620\"><\/path><path fill-rule=\"evenodd\" clip-rule=\"evenodd\" d=\"M56.38 52.73L33.62 66.03C33.54 64.61 33.12 63.36 31.95 62.51L53.7 49.91C53.82 51.23 55.09 52.22 56.38 52.72\" fill=\"#D39620\"><\/path><path fill-rule=\"evenodd\" clip-rule=\"evenodd\" d=\"M27.64 62.58L5.7 49.73C5.62 51.15 4.29 51.85 3.13 52.7L25.64 65.79C25.76 64.47 26.35 63.08 27.64 62.58Z\" fill=\"#D39620\"><\/path><path fill-rule=\"evenodd\" clip-rule=\"evenodd\" d=\"M3.82 45.66L3.74 21.29C2.48 21.93 1.09 21.9 0 21.27L0.14 45.66C1.34 45.1 2.56 45.03 3.82 45.66Z\" fill=\"#D39620\"><\/path><path fill-rule=\"evenodd\" clip-rule=\"evenodd\" d=\"M59.63 45.66L59.55 21.29C58.29 21.93 56.9 21.9 55.81 21.27L55.95 45.66C57.15 45.1 58.37 45.03 59.63 45.66Z\" fill=\"#D39620\"><\/path><path d=\"M14.39 29.26C13.49 29.26 12.4 29.27 11.1 29.27L11.06 35.6L14.57 35.55C19.11 35.61 18.99 29.48 14.39 29.26ZM16.81 43.27L13.8 38.41H11.1V43.25H8.35999V26.67H14.42C15.7 26.67 16.81 26.91 17.76 27.38C18.71 27.85 19.43 28.53 19.94 29.42C20.45 30.3 20.7 31.35 20.7 32.57C20.7 33.79 20.43 34.89 19.89 35.79C19.35 36.69 18.57 37.36 17.56 37.8L20.95 43.25L16.81 43.27Z\" fill=\"#D39620\"><\/path><path d=\"M29.7 40.56C30.82 40.56 31.8 40.33 32.65 39.86C33.5 39.39 34.15 38.73 34.61 37.86C35.07 37 35.3 35.99 35.3 34.85C35.3 33.71 35.07 32.71 34.61 31.84C34.15 30.98 33.5 30.31 32.65 29.84C31.8 29.37 30.81 29.14 29.7 29.14H25.99V40.55H29.7V40.56ZM23.16 26.53H29.83C31.46 26.53 32.9 26.87 34.17 27.56C35.43 28.25 36.42 29.22 37.11 30.48C37.81 31.74 38.16 33.19 38.16 34.84C38.16 36.49 37.81 37.94 37.11 39.2C36.41 40.46 35.43 41.43 34.17 42.12C32.91 42.81 31.46 43.15 29.83 43.15H23.16V26.51V26.53Z\" fill=\"#D39620\"><\/path><path d=\"M41.26 26.53H44.09V40.56L52.61 40.58V43.19L41.26 43.17V26.53Z\" fill=\"#D39620\"><\/path><path fill-rule=\"evenodd\" clip-rule=\"evenodd\" d=\"M57.23 15.6899C58.18 15.6899 58.95 16.4899 58.95 17.4899C58.95 18.4899 58.18 19.2899 57.23 19.2899C56.28 19.2899 55.51 18.4899 55.51 17.4899C55.51 16.4899 56.28 15.6899 57.23 15.6899Z\" fill=\"#D39620\"><\/path><path fill-rule=\"evenodd\" clip-rule=\"evenodd\" d=\"M57.23 47.0601C58.18 47.0601 58.95 47.8601 58.95 48.8601C58.95 49.8601 58.18 50.6601 57.23 50.6601C56.28 50.6601 55.51 49.8601 55.51 48.8601C55.51 47.8601 56.28 47.0601 57.23 47.0601Z\" fill=\"#D39620\"><\/path><path fill-rule=\"evenodd\" clip-rule=\"evenodd\" d=\"M2.01999 15.6899C2.96999 15.6899 3.73999 16.4899 3.73999 17.4899C3.73999 18.4899 2.96999 19.2899 2.01999 19.2899C1.06999 19.2899 0.299988 18.4899 0.299988 17.4899C0.299988 16.4899 1.06999 15.6899 2.01999 15.6899Z\" fill=\"#D39620\"><\/path><path fill-rule=\"evenodd\" clip-rule=\"evenodd\" d=\"M2.01999 47.0601C2.96999 47.0601 3.73999 47.8601 3.73999 48.8601C3.73999 49.8601 2.96999 50.6601 2.01999 50.6601C1.06999 50.6601 0.299988 49.8601 0.299988 48.8601C0.299988 47.8601 1.06999 47.0601 2.01999 47.0601Z\" fill=\"#D39620\"><\/path><path fill-rule=\"evenodd\" clip-rule=\"evenodd\" d=\"M29.78 63.95C30.73 63.95 31.5 64.75 31.5 65.75C31.5 66.75 30.73 67.55 29.78 67.55C28.83 67.55 28.06 66.75 28.06 65.75C28.06 64.75 28.83 63.95 29.78 63.95Z\" fill=\"#D39620\"><\/path><path fill-rule=\"evenodd\" clip-rule=\"evenodd\" d=\"M29.78 0C30.73 0 31.5 0.8 31.5 1.8C31.5 2.8 30.73 3.6 29.78 3.6C28.83 3.6 28.06 2.8 28.06 1.8C28.06 0.8 28.83 0 29.78 0Z\" fill=\"#D39620\"><\/path><\/g><defs><clipPath id=\"clip0_16_2821\"><rect width=\"59.63\" height=\"67.54\" fill=\"white\"><\/rect><\/clipPath><\/defs><\/svg><\/div>\n\t\t\t\t\t\t<\/span>\n\t\t<\/div>\n\t\t\t\t\t\t<\/div>\n\t\t\t\t<\/div>\n\t\t\t\t\t<\/div>\n\t\t\t\t<\/div>\n\t\t\t\t<section class=\"elementor-section elementor-top-section elementor-element elementor-element-662db0b elementor-section-full_width elementor-section-height-default elementor-section-height-default qodef-elementor-content-no\" data-id=\"662db0b\" data-element_type=\"section\">\n\t\t\t\t\t\t<div class=\"elementor-container elementor-column-gap-default\">\n\t\t\t\t\t<div class=\"elementor-column elementor-col-100 elementor-top-column elementor-element elementor-element-7f4dd06\" data-id=\"7f4dd06\" data-element_type=\"column\">\n\t\t\t<div class=\"elementor-widget-wrap elementor-element-populated\">\n\t\t\t\t\t\t<div class=\"elementor-element elementor-element-a845236 elementor-widget elementor-widget-text-editor\" data-id=\"a845236\" data-element_type=\"widget\" data-widget_type=\"text-editor.default\">\n\t\t\t\t<div class=\"elementor-widget-container\">\n\t\t\t\t\t\t\t\t\t<p>\ud83c\uddec\ud83c\udde7<\/p>\n<p><strong>&#8220;Who is Who&#8221;<\/strong><\/p>\n<p id=\"ember79\" class=\"ember-view reader-text-block__heading-2\"><strong>Meet Andrea Neves: An Outstanding Member of Ruy de Lacerda&#8217;s Commercial Team<\/strong><\/p>\n<p id=\"ember80\" class=\"ember-view reader-text-block__paragraph\">Today we&#8217;re highlighting Andrea Neves, one of our talented employees who, since November 2021, has been making a difference at Ruy de Lacerda.<\/p>\n<p id=\"ember81\" class=\"ember-view reader-text-block__paragraph\">Find out about her journey at Ruy de Lacerda, what she has learnt and the impact she has had on our team.<\/p>\n<p id=\"ember82\" class=\"ember-view reader-text-block__paragraph\"><strong>What is your role at Ruy de Lacerda and how long have you been part of the team?<\/strong><\/p>\n<p id=\"ember83\" class=\"ember-view reader-text-block__paragraph\">\u2018In November 2024 it will be three years since I joined Ruy de Lacerda, specifically as the first woman in the company&#8217;s commercial team. I play the role of Segment Technical Manager, working in different industries. I communicate daily with clients and partners to assess business opportunities and follow up on them. I also prospect for new customers and partners, taking part in European exhibitions with the aim of maximising new business opportunities.\u2019<\/p>\n<p id=\"ember84\" class=\"ember-view reader-text-block__paragraph\">Since joining, Andrea has been an important member of the sales team, exemplifying innovation and dynamism in prospecting and business development. Her ability and willingness to learn are examples of her work ethic and adaptability.<\/p>\n<p id=\"ember85\" class=\"ember-view reader-text-block__paragraph\"><strong>What do you like most about your work and Ruy de Lacerda?<\/strong><\/p>\n<p id=\"ember86\" class=\"ember-view reader-text-block__paragraph\">\u2018What gives me the most satisfaction in my working days is knowing that I&#8217;m contributing proactively to the team&#8217;s success and feeling a sense of mission accomplished at the end of the day. One of the things I appreciate most about this job is that every week is different. The positive connections I&#8217;ve made with my colleagues, bosses, clients and partners are also a great asset to me.\u2019<\/p>\n<p id=\"ember87\" class=\"ember-view reader-text-block__paragraph\">Andrea values the dynamism of her role and the opportunity to collaborate with a diverse and dedicated team. The constant variety in her working weeks keeps her motivated and engaged, giving her the satisfaction of knowing that her contribution is important to the company&#8217;s success.<\/p>\n<p id=\"ember88\" class=\"ember-view reader-text-block__paragraph\"><strong>What was a memorable moment you had working at Ruy de Lacerda?<\/strong><\/p>\n<p id=\"ember89\" class=\"ember-view reader-text-block__paragraph\">\u2018As this was my first job since finishing school, a memorable moment for me was being approved as a new employee at Ruy de Lacerda. I vividly remember being surrounded by all the management congratulating me on being the newest member of the team. It really was a very special moment for me. While I was working, a memorable moment was our CEO, Mr Sabino Borges, thanking me at the last Christmas lunch of 2023. 2023 was a particularly difficult year for me and I felt appreciated and moved by that speech.\u2019<\/p>\n<p id=\"ember90\" class=\"ember-view reader-text-block__paragraph\">The recognition and support Andrea has received throughout her journey at Ruy de Lacerda has been essential to her growth and development. These milestone moments, both when she joined the company and the continued support from management, have strengthened her bond with Ruy de Lacerda.<\/p>\n<p id=\"ember91\" class=\"ember-view reader-text-block__paragraph\"><strong>What are your hobbies\/interests outside of RDL?<\/strong><\/p>\n<p id=\"ember92\" class=\"ember-view reader-text-block__paragraph\">\u2018I believe it&#8217;s important to strike a balance between our professional and personal lives, as the two complement each other. Outside Ruy de Lacerda, I have a passion for travelling. I usually go on a trip every year and they&#8217;ve all been unforgettable. I value the people I love and try to spend as much time with them as possible. I enjoy new cuisines and I&#8217;m about to start a French course. Ever since I joined Ruy de Lacerda, I&#8217;ve had a special interest in learning new languages.\u2019<\/p>\n<p id=\"ember93\" class=\"ember-view reader-text-block__paragraph\">Andrea balances her personal and professional life, dedicating time to her passion for travelling and spending time with those she loves most. Her interest in languages has also been encouraged by Ruy de Lacerda&#8217;s international environment, which has led her to start studying new languages, which brings her personal as well as professional growth.<\/p>\n<p id=\"ember94\" class=\"ember-view reader-text-block__paragraph\"><strong>What was the best professional advice you received that helped you in your work with Ruy de Lacerda?<\/strong><\/p>\n<p id=\"ember95\" class=\"ember-view reader-text-block__paragraph\">\u2018From different people but with the same meaning, the best professional advice I&#8217;ve received to date is that we shouldn&#8217;t compare our work\/performance with that of our colleagues. We are all different, with exceptional qualities, and we should focus on our own goals, objectives and dreams in order to achieve them.\u2019<\/p>\n<p id=\"ember96\" class=\"ember-view reader-text-block__paragraph\">Having learnt to value her own abilities and focus on her goals without comparisons, Andrea also applies this advice to her personal life, which has helped her maintain a positive attitude and focus on her continuous development.<\/p>\n<p id=\"ember97\" class=\"ember-view reader-text-block__paragraph\"><strong>How has Ruy de Lacerda helped you achieve your personal and professional goals?<\/strong><\/p>\n<p id=\"ember98\" class=\"ember-view reader-text-block__paragraph\">\u2018Since I joined RDL at the age of 23, I feel that my maturity has grown, both professionally and personally. All the people involved in this company are great examples of what it means to be an excellent professional. Ruy de Lacerda is a company that thinks about its employees, and I increasingly notice and value Ruy de Lacerda&#8217;s ethics. The great conditions on offer, such as salaries, bonuses and socialising, continue to give me a feeling of gratitude, happiness and stability. All of this actively contributes to my motivation to continue fighting for my personal and professional goals.\u2019<\/p>\n<p id=\"ember99\" class=\"ember-view reader-text-block__paragraph\">Ruy de Lacerda has been a true partner in Andrea&#8217;s personal and professional growth, offering her a supportive and recognised environment that encourages her to achieve her goals. The company not only invests in her success as an employee, but also in her well-being and personal fulfilment.<\/p>\n<p id=\"ember100\" class=\"ember-view reader-text-block__paragraph\"><strong>Andrea at Ruy de Lacerda<\/strong><\/p>\n<p id=\"ember101\" class=\"ember-view reader-text-block__paragraph\">We are proud to have an intelligent and motivated employee like Andrea on our sales team. The 3 years of experience we&#8217;ve had with her have brought many learning and growth opportunities for the whole team, and we look forward to continuing to collaborate with her and support her in her professional and personal goals.<\/p>\n<p id=\"ember102\" class=\"ember-view reader-text-block__paragraph\">Andrea is an example of dedication, growth and innovation at Ruy de Lacerda, and with members like her we continue to bring the best products, equipment, consumables and technical and market knowledge to support the industry in Portugal.<\/p>\n\t\t\t\t\t\t\t\t<\/div>\n\t\t\t\t<\/div>\n\t\t\t\t\t<\/div>\n\t\t<\/div>\n\t\t\t\t\t<\/div>\n\t\t<\/section>\n\t\t<div class=\"elementor-element elementor-element-010ec74 e-flex e-con-boxed qodef-elementor-content-no e-con e-parent\" data-id=\"010ec74\" data-element_type=\"container\">\n\t\t\t\t\t<div class=\"e-con-inner\">\n\t\t\t\t\t<\/div>\n\t\t\t\t<\/div>\n\t\t\t\t<\/div>\n\t\t","protected":false},"excerpt":{"rendered":"<p>Today we highlight Andrea Neves, one of our talented team members who has been making a difference at Ruy de Lacerda since November 2021. Discover her journey at Ruy de Lacerda, her learnings, and the impact she has had on our team&#8230;<\/p>\n","protected":false},"author":2,"featured_media":14967,"comment_status":"closed","ping_status":"closed","sticky":false,"template":"","format":"standard","meta":{"_acf_changed":false,"_joinchat":[],"footnotes":""},"categories":[181],"tags":[],"class_list":["post-14972","post","type-post","status-publish","format-standard","has-post-thumbnail","hentry","category-rdl-institutional"],"acf":[],"_links":{"self":[{"href":"https:\/\/www.ruydelacerda.pt\/en\/wp-json\/wp\/v2\/posts\/14972","targetHints":{"allow":["GET"]}}],"collection":[{"href":"https:\/\/www.ruydelacerda.pt\/en\/wp-json\/wp\/v2\/posts"}],"about":[{"href":"https:\/\/www.ruydelacerda.pt\/en\/wp-json\/wp\/v2\/types\/post"}],"author":[{"embeddable":true,"href":"https:\/\/www.ruydelacerda.pt\/en\/wp-json\/wp\/v2\/users\/2"}],"replies":[{"embeddable":true,"href":"https:\/\/www.ruydelacerda.pt\/en\/wp-json\/wp\/v2\/comments?post=14972"}],"version-history":[{"count":2,"href":"https:\/\/www.ruydelacerda.pt\/en\/wp-json\/wp\/v2\/posts\/14972\/revisions"}],"predecessor-version":[{"id":15040,"href":"https:\/\/www.ruydelacerda.pt\/en\/wp-json\/wp\/v2\/posts\/14972\/revisions\/15040"}],"wp:featuredmedia":[{"embeddable":true,"href":"https:\/\/www.ruydelacerda.pt\/en\/wp-json\/wp\/v2\/media\/14967"}],"wp:attachment":[{"href":"https:\/\/www.ruydelacerda.pt\/en\/wp-json\/wp\/v2\/media?parent=14972"}],"wp:term":[{"taxonomy":"category","embeddable":true,"href":"https:\/\/www.ruydelacerda.pt\/en\/wp-json\/wp\/v2\/categories?post=14972"},{"taxonomy":"post_tag","embeddable":true,"href":"https:\/\/www.ruydelacerda.pt\/en\/wp-json\/wp\/v2\/tags?post=14972"}],"curies":[{"name":"wp","href":"https:\/\/api.w.org\/{rel}","templated":true}]}}