{"id":14981,"date":"2024-09-20T07:00:30","date_gmt":"2024-09-20T07:00:30","guid":{"rendered":"https:\/\/www.ruydelacerda.pt\/a-look-at-nuno-moutinhos-role-at-ruy-de-lacerda\/"},"modified":"2025-11-28T14:21:57","modified_gmt":"2025-11-28T14:21:57","slug":"a-look-at-nuno-moutinhos-role-at-ruy-de-lacerda","status":"publish","type":"post","link":"https:\/\/www.ruydelacerda.pt\/en\/a-look-at-nuno-moutinhos-role-at-ruy-de-lacerda\/","title":{"rendered":"A Look at Nuno Moutinho\u2019s Role at Ruy de Lacerda"},"content":{"rendered":"\t\t<div data-elementor-type=\"wp-post\" data-elementor-id=\"14981\" class=\"elementor elementor-14981 elementor-14974\">\n\t\t\t\t\t\t<section class=\"elementor-section elementor-top-section elementor-element elementor-element-3a875029 elementor-section-full_width elementor-section-height-default elementor-section-height-default qodef-elementor-content-no\" data-id=\"3a875029\" data-element_type=\"section\">\n\t\t\t\t\t\t<div class=\"elementor-container elementor-column-gap-default\">\n\t\t\t\t\t<div class=\"elementor-column elementor-col-100 elementor-top-column elementor-element elementor-element-22ee66ef\" data-id=\"22ee66ef\" data-element_type=\"column\">\n\t\t\t<div class=\"elementor-widget-wrap elementor-element-populated\">\n\t\t\t\t\t\t<div class=\"elementor-element elementor-element-cba7d75 elementor-widget elementor-widget-text-editor\" data-id=\"cba7d75\" data-element_type=\"widget\" data-widget_type=\"text-editor.default\">\n\t\t\t\t<div class=\"elementor-widget-container\">\n\t\t\t\t\t\t\t\t\t<p>(English Below) \ud83c\uddf5\ud83c\uddf9<\/p>\n<p><strong>&#8220;Quem \u00e9 Quem&#8221;<\/strong><\/p>\n<p id=\"ember53\" class=\"ember-view reader-text-block__paragraph\">Hoje trazemos-lhe uma conversa com Nuno Moutinho, um dos pilares fundamentais da nossa equipa, que tem vindo a contribuir para o sucesso da Ruy de Lacerda h\u00e1 quase uma d\u00e9cada.<\/p>\n<p id=\"ember54\" class=\"ember-view reader-text-block__paragraph\">Celebrando 9 anos de parceria connosco a 21 de Setembro, o Nuno \u00e9 um excelente profissional, respons\u00e1vel por contribuir para o bom funcionamento do nosso armaz\u00e9m.<\/p>\n<p id=\"ember55\" class=\"ember-view reader-text-block__paragraph\">Fique a conhecer melhor o seu percurso, o que o motiva e como v\u00ea a sua jornada connosco.<\/p>\n<p id=\"ember56\" class=\"ember-view reader-text-block__heading-3\"><strong>Qual \u00e9 o seu papel na Ruy de Lacerda e h\u00e1 quanto tempo faz parte da equipa?<\/strong><\/p>\n<p id=\"ember57\" class=\"ember-view reader-text-block__paragraph\"><strong>Nuno Moutinho: <\/strong>&#8220;Fa\u00e7o parte da empresa h\u00e1 9 anos, a caminho dos 10, e sou respons\u00e1vel do armaz\u00e9m. Al\u00e9m disso, tamb\u00e9m desempenho uma pequena parte da assist\u00eancia comercial.&#8221;<\/p>\n<p id=\"ember58\" class=\"ember-view reader-text-block__paragraph\">Com uma d\u00e9cada de experi\u00eancia na nossa equipa, o Nuno tem desempenhado um papel crucial, assegurando que as opera\u00e7\u00f5es do armaz\u00e9m decorrem de forma fluida e eficiente, ao mesmo tempo que d\u00e1 suporte \u00e0 \u00e1rea comercial, demonstrando a sua versatilidade e dedica\u00e7\u00e3o. \u00c9 respons\u00e1vel por expedir tudo, cumprindo os limites de tempo, de forma correta e em excelentes condi\u00e7\u00f5es t\u00e9cnicas.<\/p>\n<p id=\"ember59\" class=\"ember-view reader-text-block__heading-3\"><strong>O que mais gosta no seu trabalho e na Ruy de Lacerda?<\/strong><\/p>\n<p id=\"ember60\" class=\"ember-view reader-text-block__paragraph\"><strong>Nuno Moutinho: <\/strong>&#8220;Gosto de tudo, por isso \u00e9 que c\u00e1 estou. A Ruy de Lacerda trabalha de uma forma completamente diferente de todas as empresas, d\u00e1-nos liberdade total para desempenhar o nosso papel, desde que tudo esteja sempre controlado, com responsabilidade acima de tudo e foco nos objetivos. Por isso \u00e9 que eu adoro trabalhar aqui.&#8221;<\/p>\n<p id=\"ember61\" class=\"ember-view reader-text-block__paragraph\">Para o Nuno, a cultura de autonomia e responsabilidade que caracteriza a Ruy de Lacerda \u00e9 um dos aspetos que mais valoriza. Esta filosofia de trabalho n\u00e3o s\u00f3 promove o crescimento individual, mas tamb\u00e9m fortalece o esp\u00edrito de equipa e a efic\u00e1cia das opera\u00e7\u00f5es. O Nuno releva a import\u00e2ncia que d\u00e1 \u00e0 responsabilidade e controlo dos objetivos, demonstrando a sua boa \u00e9tica profissional e motiva\u00e7\u00e3o para fornecer sempre o melhor trabalho poss\u00edvel<\/p>\n<p id=\"ember62\" class=\"ember-view reader-text-block__heading-3\"><strong>Qual foi um momento inesquec\u00edvel que teve ao trabalhar com a Ruy de Lacerda?<\/strong><\/p>\n<p id=\"ember63\" class=\"ember-view reader-text-block__paragraph\"><strong>Nuno Moutinho: <\/strong>&#8220;O momento mais inesquec\u00edvel foi quando fui admitido na empresa.&#8221;<\/p>\n<p id=\"ember64\" class=\"ember-view reader-text-block__paragraph\">A entrada na Ruy de Lacerda marcou o in\u00edcio de um percurso que o Nuno considera um dos momentos mais memor\u00e1veis da sua carreira. Este passo foi o in\u00edcio de uma rela\u00e7\u00e3o de sucesso e desenvolvimento cont\u00ednuo. Tendo se candidatado de forma espont\u00e2nea, ap\u00f3s ver um an\u00fancio para a Ruy de Lacerda, o Nuno foi aceite gra\u00e7as \u00e0 sua experi\u00eancia profissional em outras \u00e1reas e ao seu profissionalismo.<\/p>\n<p id=\"ember65\" class=\"ember-view reader-text-block__heading-3\"><strong>Quais s\u00e3o os seus hobbies\/interesses fora da Ruy de Lacerda?<\/strong><\/p>\n<p id=\"ember66\" class=\"ember-view reader-text-block__paragraph\"><strong>Nuno Moutinho: <\/strong>&#8220;Fora da Ruy de Lacerda a paix\u00e3o \u00e9 viajar, gosto de praticar e ver desporto e gosto tamb\u00e9m do mundo autom\u00f3vel. Pratico corrida.&#8221;<\/p>\n<p id=\"ember67\" class=\"ember-view reader-text-block__paragraph\">Fora do ambiente de trabalho, o Nuno \u00e9 uma pessoa ativa e curiosa. As viagens, o desporto e a paix\u00e3o pelo mundo autom\u00f3vel s\u00e3o as suas grandes paix\u00f5es, que complementam o seu dia-a-dia e ajudam a manter um equil\u00edbrio saud\u00e1vel entre a vida pessoal e profissional.<\/p>\n<p id=\"ember68\" class=\"ember-view reader-text-block__paragraph\">A pr\u00e1tica de corrida ajuda-o a manter-se fisicamente na melhor forma em termos f\u00edsicos e psicol\u00f3gicos, sendo um desporto excelente para se manter saud\u00e1vel.<\/p>\n<p id=\"ember69\" class=\"ember-view reader-text-block__heading-3\"><strong>Qual foi o melhor conselho profissional que recebeu que o ajudou no trabalho com a Ruy de Lacerda?<\/strong><\/p>\n<p id=\"ember70\" class=\"ember-view reader-text-block__paragraph\"><strong>Nuno Moutinho: <\/strong>&#8220;O melhor que aprendi na Ruy de Lacerda foi a forma de trabalhar, em que nos d\u00e3o as ferramentas a cada um para sermos completamente aut\u00f3nomos e respons\u00e1veis. \u00c9 a primeira vez que trabalho com esta filosofia e funciona mesmo muito bem.&#8221;<\/p>\n<p id=\"ember71\" class=\"ember-view reader-text-block__paragraph\">O Nuno sublinha a import\u00e2ncia da autonomia e da responsabilidade no seu desenvolvimento profissional, uma abordagem que encontrou na Ruy de Lacerda e que, segundo ele, tem sido essencial para o seu sucesso.<\/p>\n<p id=\"ember72\" class=\"ember-view reader-text-block__paragraph\">Na Ruy de Lacerda damos aos nossos colaboradores todas as ferramentas para serem os melhores profissionais poss\u00edveis, focando-nos na autonomia individual e sempre atentos \u00e0s necessidades dos nossos colegas.<\/p>\n<p id=\"ember73\" class=\"ember-view reader-text-block__heading-3\"><strong>De que forma \u00e9 que a Ruy de Lacerda o ajudou a atingir os seus objetivos pessoais e profissionais?<\/strong><\/p>\n<p id=\"ember74\" class=\"ember-view reader-text-block__paragraph\"><strong>Nuno Moutinho: <\/strong>&#8220;Trabalhar para uma empresa, seja para quem for, \u00e9 uma simbiose. N\u00f3s damos \u00e0 empresa e a empresa d\u00e1-nos a n\u00f3s.&#8221;<\/p>\n<p id=\"ember75\" class=\"ember-view reader-text-block__paragraph\">Este sentido de reciprocidade \u00e9 a chave para a rela\u00e7\u00e3o de sucesso entre o Nuno e a Ruy de Lacerda. O equil\u00edbrio entre o contributo individual e as oportunidades oferecidas pela empresa tem sido fundamental para alcan\u00e7ar os seus objetivos, tanto a n\u00edvel pessoal como profissional.<\/p>\n<p id=\"ember76\" class=\"ember-view reader-text-block__heading-3\"><strong>O Nuno na Ruy de Lacerda<\/strong><\/p>\n<p id=\"ember77\" class=\"ember-view reader-text-block__paragraph\">Estamos orgulhosos em ter o Nuno na nossa equipa e agradecemos o seu compromisso e dedica\u00e7\u00e3o ao longo destes anos. Continuamos a contar com a sua energia e entusiasmo para enfrentar os desafios que temos pela frente.<\/p>\n<p id=\"ember78\" class=\"ember-view reader-text-block__paragraph\">Estamos felizes por celebrar 9 anos de parceria com o Nuno, e desejamos partilhar muitos mais bons anos vindouros com ele. Com parceiros como ele, constru\u00edmos a melhor vers\u00e3o de n\u00f3s, para trazer para a ind\u00fastria em Portugal os melhores produtos, equipamentos, consum\u00edveis e conhecimento t\u00e9cnico que o mundo tem para oferecer.<\/p>\n\t\t\t\t\t\t\t\t<\/div>\n\t\t\t\t<\/div>\n\t\t\t\t\t<\/div>\n\t\t<\/div>\n\t\t\t\t\t<\/div>\n\t\t<\/section>\n\t\t<div class=\"elementor-element elementor-element-0acfde5 e-flex e-con-boxed qodef-elementor-content-no e-con e-parent\" data-id=\"0acfde5\" data-element_type=\"container\">\n\t\t\t\t\t<div class=\"e-con-inner\">\n\t\t\t\t<div class=\"elementor-element elementor-element-6f97308 elementor-widget-divider--view-line_icon elementor-view-default elementor-widget-divider--element-align-center elementor-widget elementor-widget-divider\" data-id=\"6f97308\" data-element_type=\"widget\" data-widget_type=\"divider.default\">\n\t\t\t\t<div class=\"elementor-widget-container\">\n\t\t\t\t\t\t\t<div class=\"elementor-divider\">\n\t\t\t<span class=\"elementor-divider-separator\">\n\t\t\t\t\t\t\t<div class=\"elementor-icon elementor-divider__element\">\n\t\t\t\t\t<svg xmlns=\"http:\/\/www.w3.org\/2000\/svg\" width=\"60\" height=\"68\" viewBox=\"0 0 60 68\" fill=\"none\"><g clip-path=\"url(#clip0_16_2821)\"><path fill-rule=\"evenodd\" clip-rule=\"evenodd\" d=\"M5.92 17.48L27.59 4.92003C26.39 4.15003 25.73 2.93003 25.75 1.66003L4.09 14.29C5.18 15.04 5.86 16.07 5.91 17.48\" fill=\"#D39620\"><\/path><path fill-rule=\"evenodd\" clip-rule=\"evenodd\" d=\"M33.69 1.66003L55.36 14.22C54.16 14.99 53.5 16.21 53.52 17.48L31.87 4.86003C32.96 4.11003 33.64 3.08003 33.69 1.67003\" fill=\"#D39620\"><\/path><path fill-rule=\"evenodd\" clip-rule=\"evenodd\" d=\"M56.38 52.73L33.62 66.03C33.54 64.61 33.12 63.36 31.95 62.51L53.7 49.91C53.82 51.23 55.09 52.22 56.38 52.72\" fill=\"#D39620\"><\/path><path fill-rule=\"evenodd\" clip-rule=\"evenodd\" d=\"M27.64 62.58L5.7 49.73C5.62 51.15 4.29 51.85 3.13 52.7L25.64 65.79C25.76 64.47 26.35 63.08 27.64 62.58Z\" fill=\"#D39620\"><\/path><path fill-rule=\"evenodd\" clip-rule=\"evenodd\" d=\"M3.82 45.66L3.74 21.29C2.48 21.93 1.09 21.9 0 21.27L0.14 45.66C1.34 45.1 2.56 45.03 3.82 45.66Z\" fill=\"#D39620\"><\/path><path fill-rule=\"evenodd\" clip-rule=\"evenodd\" d=\"M59.63 45.66L59.55 21.29C58.29 21.93 56.9 21.9 55.81 21.27L55.95 45.66C57.15 45.1 58.37 45.03 59.63 45.66Z\" fill=\"#D39620\"><\/path><path d=\"M14.39 29.26C13.49 29.26 12.4 29.27 11.1 29.27L11.06 35.6L14.57 35.55C19.11 35.61 18.99 29.48 14.39 29.26ZM16.81 43.27L13.8 38.41H11.1V43.25H8.35999V26.67H14.42C15.7 26.67 16.81 26.91 17.76 27.38C18.71 27.85 19.43 28.53 19.94 29.42C20.45 30.3 20.7 31.35 20.7 32.57C20.7 33.79 20.43 34.89 19.89 35.79C19.35 36.69 18.57 37.36 17.56 37.8L20.95 43.25L16.81 43.27Z\" fill=\"#D39620\"><\/path><path d=\"M29.7 40.56C30.82 40.56 31.8 40.33 32.65 39.86C33.5 39.39 34.15 38.73 34.61 37.86C35.07 37 35.3 35.99 35.3 34.85C35.3 33.71 35.07 32.71 34.61 31.84C34.15 30.98 33.5 30.31 32.65 29.84C31.8 29.37 30.81 29.14 29.7 29.14H25.99V40.55H29.7V40.56ZM23.16 26.53H29.83C31.46 26.53 32.9 26.87 34.17 27.56C35.43 28.25 36.42 29.22 37.11 30.48C37.81 31.74 38.16 33.19 38.16 34.84C38.16 36.49 37.81 37.94 37.11 39.2C36.41 40.46 35.43 41.43 34.17 42.12C32.91 42.81 31.46 43.15 29.83 43.15H23.16V26.51V26.53Z\" fill=\"#D39620\"><\/path><path d=\"M41.26 26.53H44.09V40.56L52.61 40.58V43.19L41.26 43.17V26.53Z\" fill=\"#D39620\"><\/path><path fill-rule=\"evenodd\" clip-rule=\"evenodd\" d=\"M57.23 15.6899C58.18 15.6899 58.95 16.4899 58.95 17.4899C58.95 18.4899 58.18 19.2899 57.23 19.2899C56.28 19.2899 55.51 18.4899 55.51 17.4899C55.51 16.4899 56.28 15.6899 57.23 15.6899Z\" fill=\"#D39620\"><\/path><path fill-rule=\"evenodd\" clip-rule=\"evenodd\" d=\"M57.23 47.0601C58.18 47.0601 58.95 47.8601 58.95 48.8601C58.95 49.8601 58.18 50.6601 57.23 50.6601C56.28 50.6601 55.51 49.8601 55.51 48.8601C55.51 47.8601 56.28 47.0601 57.23 47.0601Z\" fill=\"#D39620\"><\/path><path fill-rule=\"evenodd\" clip-rule=\"evenodd\" d=\"M2.01999 15.6899C2.96999 15.6899 3.73999 16.4899 3.73999 17.4899C3.73999 18.4899 2.96999 19.2899 2.01999 19.2899C1.06999 19.2899 0.299988 18.4899 0.299988 17.4899C0.299988 16.4899 1.06999 15.6899 2.01999 15.6899Z\" fill=\"#D39620\"><\/path><path fill-rule=\"evenodd\" clip-rule=\"evenodd\" d=\"M2.01999 47.0601C2.96999 47.0601 3.73999 47.8601 3.73999 48.8601C3.73999 49.8601 2.96999 50.6601 2.01999 50.6601C1.06999 50.6601 0.299988 49.8601 0.299988 48.8601C0.299988 47.8601 1.06999 47.0601 2.01999 47.0601Z\" fill=\"#D39620\"><\/path><path fill-rule=\"evenodd\" clip-rule=\"evenodd\" d=\"M29.78 63.95C30.73 63.95 31.5 64.75 31.5 65.75C31.5 66.75 30.73 67.55 29.78 67.55C28.83 67.55 28.06 66.75 28.06 65.75C28.06 64.75 28.83 63.95 29.78 63.95Z\" fill=\"#D39620\"><\/path><path fill-rule=\"evenodd\" clip-rule=\"evenodd\" d=\"M29.78 0C30.73 0 31.5 0.8 31.5 1.8C31.5 2.8 30.73 3.6 29.78 3.6C28.83 3.6 28.06 2.8 28.06 1.8C28.06 0.8 28.83 0 29.78 0Z\" fill=\"#D39620\"><\/path><\/g><defs><clipPath id=\"clip0_16_2821\"><rect width=\"59.63\" height=\"67.54\" fill=\"white\"><\/rect><\/clipPath><\/defs><\/svg><\/div>\n\t\t\t\t\t\t<\/span>\n\t\t<\/div>\n\t\t\t\t\t\t<\/div>\n\t\t\t\t<\/div>\n\t\t\t\t\t<\/div>\n\t\t\t\t<\/div>\n\t\t\t\t<section class=\"elementor-section elementor-top-section elementor-element elementor-element-662db0b elementor-section-full_width elementor-section-height-default elementor-section-height-default qodef-elementor-content-no\" data-id=\"662db0b\" data-element_type=\"section\">\n\t\t\t\t\t\t<div class=\"elementor-container elementor-column-gap-default\">\n\t\t\t\t\t<div class=\"elementor-column elementor-col-100 elementor-top-column elementor-element elementor-element-7f4dd06\" data-id=\"7f4dd06\" data-element_type=\"column\">\n\t\t\t<div class=\"elementor-widget-wrap elementor-element-populated\">\n\t\t\t\t\t\t<div class=\"elementor-element elementor-element-a845236 elementor-widget elementor-widget-text-editor\" data-id=\"a845236\" data-element_type=\"widget\" data-widget_type=\"text-editor.default\">\n\t\t\t\t<div class=\"elementor-widget-container\">\n\t\t\t\t\t\t\t\t\t<p>\ud83c\uddec\ud83c\udde7<\/p>\n<p><strong>&#8220;Who is Who&#8221;<\/strong><\/p>\n<p id=\"ember81\" class=\"ember-view reader-text-block__heading-2\"><strong>A look at Nuno Moutinho&#8217;s role at Ruy de Lacerda<\/strong><\/p>\n<p id=\"ember82\" class=\"ember-view reader-text-block__paragraph\">Today we&#8217;re talking to Nuno Moutinho, one of the fundamental pillars of our team, who has been contributing to Ruy de Lacerda&#8217;s success for almost a decade.<\/p>\n<p id=\"ember83\" class=\"ember-view reader-text-block__paragraph\">Celebrating 9 years of partnership with us on 21 September, Nuno is an excellent professional, responsible for contributing to the smooth running of our warehouse.<\/p>\n<p id=\"ember84\" class=\"ember-view reader-text-block__paragraph\">Find out more about his career, what motivates him and how he sees his journey with us.<\/p>\n<p id=\"ember85\" class=\"ember-view reader-text-block__heading-3\"><strong>What is your role at Ruy de Lacerda and how long have you been part of the team?<\/strong><\/p>\n<p id=\"ember86\" class=\"ember-view reader-text-block__paragraph\"><strong>Nuno Moutinho:<\/strong> \u2018I&#8217;ve been part of the company for 9 years, on my way to 10, and I&#8217;m responsible for the warehouse. I also do a small amount of sales support.\u2019<\/p>\n<p id=\"ember87\" class=\"ember-view reader-text-block__paragraph\">With a decade of experience in our team, Nuno has played a crucial role, ensuring that warehouse operations run smoothly and efficiently, while also supporting the commercial area, demonstrating his versatility and dedication. He is responsible for dispatching everything within the time limits, correctly and in excellent technical condition.<\/p>\n<p id=\"ember88\" class=\"ember-view reader-text-block__heading-3\"><strong>What do you like most about your job and Ruy de Lacerda?<\/strong><\/p>\n<p id=\"ember89\" class=\"ember-view reader-text-block__paragraph\"><strong>Nuno Moutinho:<\/strong> \u2018I like everything, that&#8217;s why I&#8217;m here. Ruy de Lacerda works in a completely different way to any other company, it gives us total freedom to fulfil our role, as long as everything is always under control, with responsibility above all else and a focus on objectives. That&#8217;s why I love working here.\u2019<\/p>\n<p id=\"ember90\" class=\"ember-view reader-text-block__paragraph\">For Nuno, the culture of autonomy and responsibility that characterises Ruy de Lacerda is one of the aspects he values most. This work philosophy not only promotes individual growth, but also strengthens team spirit and the efficiency of operations. Nuno emphasises the importance he attaches to responsibility and controlling objectives, demonstrating his good work ethic and motivation to always provide the best possible work.<\/p>\n<p id=\"ember91\" class=\"ember-view reader-text-block__heading-3\"><strong>What was a memorable moment you had working with Ruy de Lacerda?<\/strong><\/p>\n<p id=\"ember92\" class=\"ember-view reader-text-block__paragraph\"><strong>Nuno Moutinho:<\/strong> \u2018The most unforgettable moment was when I joined the company.\u2019<\/p>\n<p id=\"ember93\" class=\"ember-view reader-text-block__paragraph\">Joining Ruy de Lacerda marked the beginning of a journey that Nuno considers to be one of the most memorable moments of his career. This step was the beginning of a relationship of success and continuous development. Having applied spontaneously after seeing an advert for Ruy de Lacerda, Nuno was accepted thanks to his professional experience in other areas and his professionalism.<\/p>\n<p id=\"ember94\" class=\"ember-view reader-text-block__heading-3\"><strong>What are your hobbies\/interests outside Ruy de Lacerda?<\/strong><\/p>\n<p id=\"ember95\" class=\"ember-view reader-text-block__paragraph\"><strong>Nuno Moutinho:<\/strong> \u2018Outside of Ruy de Lacerda my passion is travelling, I like playing and watching sport and I also like the world of cars. I race.\u2019<\/p>\n<p id=\"ember96\" class=\"ember-view reader-text-block__paragraph\">Outside of work, Nuno is an active and curious person. Travelling, sport and his passion for the automotive world are his great passions, which complement his day-to-day life and help him maintain a healthy balance between his personal and professional life.<\/p>\n<p id=\"ember97\" class=\"ember-view reader-text-block__paragraph\">Running helps him stay in top shape physically and psychologically, and is an excellent sport for keeping healthy.<\/p>\n<p id=\"ember98\" class=\"ember-view reader-text-block__heading-3\"><strong>What was the best piece of professional advice you received that helped you in your work with Ruy de Lacerda?<\/strong><\/p>\n<p id=\"ember99\" class=\"ember-view reader-text-block__paragraph\"><strong>Nuno Moutinho:<\/strong> \u2018The best thing I learnt at Ruy de Lacerda was the way they work, where they give you the tools to be completely autonomous and responsible. It&#8217;s the first time I&#8217;ve worked with this philosophy and it works really well.\u2019<\/p>\n<p id=\"ember100\" class=\"ember-view reader-text-block__paragraph\">Nuno emphasises the importance of autonomy and responsibility in his professional development, an approach he has found at Ruy de Lacerda and which, according to him, has been essential to his success.<\/p>\n<p id=\"ember101\" class=\"ember-view reader-text-block__paragraph\">At Ruy de Lacerda we give our employees all the tools they need to be the best professionals possible, focusing on individual autonomy and always being attentive to the needs of our colleagues.<\/p>\n<p id=\"ember102\" class=\"ember-view reader-text-block__heading-3\"><strong>How has Ruy de Lacerda helped you achieve your personal and professional goals?<\/strong><\/p>\n<p id=\"ember103\" class=\"ember-view reader-text-block__paragraph\"><strong>Nuno Moutinho:<\/strong> \u2018Working for a company, no matter who it&#8217;s for, is a symbiosis. We give to the company and the company gives to us.\u2019<\/p>\n<p id=\"ember104\" class=\"ember-view reader-text-block__paragraph\">This sense of reciprocity is the key to the successful relationship between Nuno and Ruy de Lacerda. The balance between his individual contribution and the opportunities offered by the company has been fundamental to achieving his goals, both personally and professionally.<\/p>\n<p id=\"ember105\" class=\"ember-view reader-text-block__heading-3\"><strong>Nuno at Ruy de Lacerda<\/strong><\/p>\n<p id=\"ember106\" class=\"ember-view reader-text-block__paragraph\">We are proud to have Nuno on our team and thank him for his commitment and dedication over the years. We continue to count on his energy and enthusiasm to face the challenges ahead.<\/p>\n<p id=\"ember107\" class=\"ember-view reader-text-block__paragraph\">We are happy to be celebrating 9 years of partnership with Nuno, and look forward to many more good years to come. With partners like him, we build the best version of ourselves, to bring the industry in Portugal the best products, equipment, consumables and technical expertise the world has to offer.<\/p>\n\t\t\t\t\t\t\t\t<\/div>\n\t\t\t\t<\/div>\n\t\t\t\t\t<\/div>\n\t\t<\/div>\n\t\t\t\t\t<\/div>\n\t\t<\/section>\n\t\t<div class=\"elementor-element elementor-element-010ec74 e-flex e-con-boxed qodef-elementor-content-no e-con e-parent\" data-id=\"010ec74\" data-element_type=\"container\">\n\t\t\t\t\t<div class=\"e-con-inner\">\n\t\t\t\t\t<\/div>\n\t\t\t\t<\/div>\n\t\t\t\t<\/div>\n\t\t","protected":false},"excerpt":{"rendered":"<p>Today we bring you a conversation with Nuno Moutinho, one of the key pillars of our team, who has been contributing to the success of Ruy de Lacerda for nearly a decade. Celebrating 9 years with us on September 21, Nuno is an outstanding professional, responsible&#8230;<\/p>\n","protected":false},"author":2,"featured_media":14976,"comment_status":"closed","ping_status":"closed","sticky":false,"template":"","format":"standard","meta":{"_acf_changed":false,"_joinchat":[],"footnotes":""},"categories":[181],"tags":[],"class_list":["post-14981","post","type-post","status-publish","format-standard","has-post-thumbnail","hentry","category-rdl-institutional"],"acf":[],"_links":{"self":[{"href":"https:\/\/www.ruydelacerda.pt\/en\/wp-json\/wp\/v2\/posts\/14981","targetHints":{"allow":["GET"]}}],"collection":[{"href":"https:\/\/www.ruydelacerda.pt\/en\/wp-json\/wp\/v2\/posts"}],"about":[{"href":"https:\/\/www.ruydelacerda.pt\/en\/wp-json\/wp\/v2\/types\/post"}],"author":[{"embeddable":true,"href":"https:\/\/www.ruydelacerda.pt\/en\/wp-json\/wp\/v2\/users\/2"}],"replies":[{"embeddable":true,"href":"https:\/\/www.ruydelacerda.pt\/en\/wp-json\/wp\/v2\/comments?post=14981"}],"version-history":[{"count":4,"href":"https:\/\/www.ruydelacerda.pt\/en\/wp-json\/wp\/v2\/posts\/14981\/revisions"}],"predecessor-version":[{"id":15044,"href":"https:\/\/www.ruydelacerda.pt\/en\/wp-json\/wp\/v2\/posts\/14981\/revisions\/15044"}],"wp:featuredmedia":[{"embeddable":true,"href":"https:\/\/www.ruydelacerda.pt\/en\/wp-json\/wp\/v2\/media\/14976"}],"wp:attachment":[{"href":"https:\/\/www.ruydelacerda.pt\/en\/wp-json\/wp\/v2\/media?parent=14981"}],"wp:term":[{"taxonomy":"category","embeddable":true,"href":"https:\/\/www.ruydelacerda.pt\/en\/wp-json\/wp\/v2\/categories?post=14981"},{"taxonomy":"post_tag","embeddable":true,"href":"https:\/\/www.ruydelacerda.pt\/en\/wp-json\/wp\/v2\/tags?post=14981"}],"curies":[{"name":"wp","href":"https:\/\/api.w.org\/{rel}","templated":true}]}}