{"id":15014,"date":"2024-08-02T07:00:07","date_gmt":"2024-08-02T07:00:07","guid":{"rendered":"https:\/\/www.ruydelacerda.pt\/meet-our-marketing-director-and-member-of-ruy-de-lacerdas-3rd-generation-luis-zamith\/"},"modified":"2025-11-28T14:23:47","modified_gmt":"2025-11-28T14:23:47","slug":"meet-our-marketing-director-and-member-of-ruy-de-lacerdas-3rd-generation-luis-zamith","status":"publish","type":"post","link":"https:\/\/www.ruydelacerda.pt\/en\/meet-our-marketing-director-and-member-of-ruy-de-lacerdas-3rd-generation-luis-zamith\/","title":{"rendered":"Meet Our Marketing Director and Member of Ruy de Lacerda\u2019s 3rd Generation: Lu\u00eds Zamith"},"content":{"rendered":"\t\t<div data-elementor-type=\"wp-post\" data-elementor-id=\"15014\" class=\"elementor elementor-15014 elementor-15006\">\n\t\t\t\t\t\t<section class=\"elementor-section elementor-top-section elementor-element elementor-element-3a875029 elementor-section-full_width elementor-section-height-default elementor-section-height-default qodef-elementor-content-no\" data-id=\"3a875029\" data-element_type=\"section\">\n\t\t\t\t\t\t<div class=\"elementor-container elementor-column-gap-default\">\n\t\t\t\t\t<div class=\"elementor-column elementor-col-100 elementor-top-column elementor-element elementor-element-22ee66ef\" data-id=\"22ee66ef\" data-element_type=\"column\">\n\t\t\t<div class=\"elementor-widget-wrap elementor-element-populated\">\n\t\t\t\t\t\t<div class=\"elementor-element elementor-element-cba7d75 elementor-widget elementor-widget-text-editor\" data-id=\"cba7d75\" data-element_type=\"widget\" data-widget_type=\"text-editor.default\">\n\t\t\t\t<div class=\"elementor-widget-container\">\n\t\t\t\t\t\t\t\t\t<p>(English Below) \ud83c\uddf5\ud83c\uddf9<\/p>\n<p><strong>&#8220;Quem \u00e9 Quem&#8221;<\/strong><\/p>\n<p id=\"ember53\" class=\"ember-view reader-text-block__paragraph\">Luis Zamith \u00e9 neto do fundador, Ruy de Lacerda, e filho de David Zamith e Clara Lacerda Zamith, e personifica os valores que sempre correram nesta fam\u00edlia. Tendo crescido rodeado de um ambiente carinhoso e que fomentou a sua curiosidade e habilidades, Lu\u00eds decidiu tornar-se parte ativa do dia a dia da empresa que o seu av\u00f4 fundou, seguindo os exemplos do seu av\u00f4 e do seu pai.<\/p>\n<p id=\"ember56\" class=\"ember-view reader-text-block__paragraph\">Parte da Ruy de Lacerda h\u00e1 mais de 20 anos, Lu\u00eds Zamith come\u00e7ou o seu percurso na empresa com 16 anos, trabalhando em part-time no armaz\u00e9m e adquirindo algumas responsabilidades administrativas.<\/p>\n<p id=\"ember57\" class=\"ember-view reader-text-block__paragraph\">Ap\u00f3s se familiarizar com os aspetos do dia a dia da empresa, foi crescendo e abra\u00e7ando cargos e desafios que lhe permitiram ficar a conhecer melhor a raiz da Ruy de Lacerda.<\/p>\n<p class=\"ember-view reader-text-block__paragraph\"><strong>O Percurso na Ruy de Lacerda<\/strong><\/p>\n<p id=\"ember59\" class=\"ember-view reader-text-block__paragraph\">Tendo-se formado em Gest\u00e3o de Marketing, passou por v\u00e1rias \u00e1reas da empresa, incluindo a \u00e1rea comercial.<\/p>\n<p id=\"ember60\" class=\"ember-view reader-text-block__paragraph\">Atualmente, lidera o departamento de Marketing, desenvolvendo estrat\u00e9gias para impulsionar a marca da Ruy de Lacerda e a levar ao futuro. Com as suas experi\u00eancias na Ruy de Lacerda, Lu\u00eds compreendeu melhor os valores pelos quais os seus familiares se guiavam, descobrindo assim a import\u00e2ncia da diferencia\u00e7\u00e3o e da manuten\u00e7\u00e3o de parcerias de excel\u00eancia.<\/p>\n<p id=\"ember61\" class=\"ember-view reader-text-block__paragraph\">Lu\u00eds Zamith partilha connosco mais sobre a sua vida, vis\u00e3o e perspetivas a n\u00edvel pessoal e profissional nesta entrevista que nos apresenta o homem por tr\u00e1s do marketing da Ruy de Lacerda.<\/p>\n<p class=\"ember-view reader-text-block__paragraph\"><strong>O Que Mais Gosta no Trabalho e na Ruy de Lacerda?<\/strong><\/p>\n<p id=\"ember63\" class=\"ember-view reader-text-block__paragraph\"><strong>Lu\u00eds Zamith: <\/strong>\u201cO que mais gosto no meu trabalho \u00e9 a oportunidade constante de inovar e gerar estrat\u00e9gias criativas que impactam diretamente o sucesso da empresa, dando a conhecer a nossa positiva diferen\u00e7a ao mercado.<\/p>\n<p id=\"ember64\" class=\"ember-view reader-text-block__paragraph\">Na Ruy de Lacerda, valorizo profundamente os nossos valores e a cultura colaborativa. \u00c9 um ambiente onde cada um \u00e9 incentivado a contribuir com ideias e solu\u00e7\u00f5es e onde temos autonomia para gerir nosso pr\u00f3prio trabalho, sem press\u00f5es hier\u00e1rquicas. Essa responsabilidade profissional \u00e9 acrescida, mas extremamente compensadora, especialmente quando vemos os resultados do nosso esfor\u00e7o. A Ruy de Lacerda confia em cada um de n\u00f3s, e essa confian\u00e7a motiva-nos a dar o nosso melhor todos os dias.\u201d<\/p>\n<p class=\"ember-view reader-text-block__paragraph\"><strong>Qual foi um Momento Mais Marcante da sua Carreira?<\/strong><\/p>\n<p id=\"ember66\" class=\"ember-view reader-text-block__paragraph\"><strong>Lu\u00eds Zamith: <\/strong>\u201cUm momento inesquec\u00edvel foi quando, nos prim\u00f3rdios, tive a oportunidade de acompanhar clientes em visita a fornecedores no estrangeiro. Essa experi\u00eancia permitiu-me conhecer de forma mais intensa e eficaz a realidade da Ruy de Lacerda e observar a forma positiva como somos vistos tanto no mercado nacional quanto internacional. Foi extremamente gratificante ver de perto o reconhecimento e respeito que a nossa empresa tem, o que refor\u00e7ou o meu orgulho em fazer parte desta equipa e o meu compromisso com a nossa miss\u00e3o e valores.\u201d<\/p>\n<p class=\"ember-view reader-text-block__paragraph\"><strong>Quais s\u00e3o os seus Hobbies e Interesses<\/strong><\/p>\n<p id=\"ember68\" class=\"ember-view reader-text-block__paragraph\"><strong>Lu\u00eds Zamith: \u201c<\/strong>Fora do trabalho gosto muito de praticar desporto, que se poss\u00edvel \u00e9 feito diariamente. Bicicleta e trabalho de resist\u00eancia s\u00e3o as modalidades preferenciais.<\/p>\n<p id=\"ember69\" class=\"ember-view reader-text-block__paragraph\">Todos os anos abra\u00e7o o desafio em planear e completar 2 tours que somem pelo menos 600 km. Esse objetivo n\u00e3o s\u00f3 me mant\u00e9m fisicamente em forma, mas tamb\u00e9m fortalece a minha capacidade de planeamento e organiza\u00e7\u00e3o. Cada tour exige uma estrat\u00e9gia detalhada, ajuste de rotas e gest\u00e3o de tempo. Um equil\u00edbrio entre o desafio f\u00edsico e mental que me ajuda no dia-a-dia pessoal e profissional.<\/p>\n<p id=\"ember70\" class=\"ember-view reader-text-block__paragraph\">Tamb\u00e9m sou um \u00e1vido leitor de temas da especialidade (desenvolvimento pessoal e inova\u00e7\u00e3o), gosto de motos, carros, mec\u00e2nica, bricolage, jardinagem e viajar dentro e fora de Portugal.\u201d<\/p>\n<p class=\"ember-view reader-text-block__paragraph\"><strong>Qual foi o melhor conselho profissional que recebeu?<\/strong><\/p>\n<p id=\"ember72\" class=\"ember-view reader-text-block__paragraph\"><strong>Lu\u00eds Zamith: <\/strong>\u201cO melhor conselho que recebi foi : &#8216; Nunca pare de aprender e de se adaptar &#8216;. Este conselho tem sido fundamental ao longo da minha carreira na Ruy de Lacerda, permitindo-me evoluir com as mudan\u00e7as do mercado e sempre procurar por novas ferramentas e conhecimentos.\u201d<\/p>\n<p class=\"ember-view reader-text-block__paragraph\"><strong>De que forma a Ruy de Lacerda o ajudou a atingir os seus objetivos?<\/strong><\/p>\n<p id=\"ember74\" class=\"ember-view reader-text-block__paragraph\"><strong>Lu\u00eds Zamith: <\/strong>\u201cA Ruy de Lacerda sempre me ofereceu oportunidades de desenvolvimento e crescimento profissional, desde os primeiros dias at\u00e9 \u00e0 minha posi\u00e7\u00e3o atual. Sempre me deu espa\u00e7o para crescer tendo em conta o meu pr\u00f3prio ritmo.<\/p>\n<p id=\"ember75\" class=\"ember-view reader-text-block__paragraph\">A empresa investiu na forma\u00e7\u00e3o e deu-me, igualmente, espa\u00e7o para assumir novos desafios e responsabilidades. Isso n\u00e3o s\u00f3 me ajudou a atingir os meus objetivos profissionais, mas tamb\u00e9m me permitiu crescer pessoalmente, desenvolvendo habilidades a v\u00e1rios n\u00edveis. Aprimorei a minha lideran\u00e7a, comunica\u00e7\u00e3o, resolu\u00e7\u00e3o de problemas e gest\u00e3o de tempo. Al\u00e9m disso, aprendi a construir e manter rela\u00e7\u00f5es interpessoais de forma mais eficaz, o que \u00e9 fundamental tanto no ambiente de trabalho quanto na vida pessoal.\u201d<\/p>\n<p class=\"ember-view reader-text-block__paragraph\"><strong>O Futuro na Ruy de Lacerda<\/strong><\/p>\n<p id=\"ember77\" class=\"ember-view reader-text-block__paragraph\">Esta cren\u00e7a nos seus colaboradores \u00e9 um dos fatores que permite \u00e0 Ruy de Lacerda adaptar-se a todas as novidades e desafios que surgem no seu dia a dia de forma r\u00e1pida e eficaz, para continuar hoje e sempre a apoiar a ind\u00fastria em Portugal.<\/p>\n<p id=\"ember78\" class=\"ember-view reader-text-block__paragraph\">Com uma equipa com membros como o Lu\u00eds Zamith, preparada para lidar com os desafios e com uma forte vis\u00e3o do futuro, a Ruy de Lacerda continuar\u00e1 a ser um parceiro de confian\u00e7a para todas as empresas industriais em Portugal e na Europa, trazendo sempre os melhores produtos, equipamentos e consum\u00edveis para a ind\u00fastria em Portugal.<\/p>\n\t\t\t\t\t\t\t\t<\/div>\n\t\t\t\t<\/div>\n\t\t\t\t\t<\/div>\n\t\t<\/div>\n\t\t\t\t\t<\/div>\n\t\t<\/section>\n\t\t<div class=\"elementor-element elementor-element-0acfde5 e-flex e-con-boxed qodef-elementor-content-no e-con e-parent\" data-id=\"0acfde5\" data-element_type=\"container\">\n\t\t\t\t\t<div class=\"e-con-inner\">\n\t\t\t\t<div class=\"elementor-element elementor-element-6f97308 elementor-widget-divider--view-line_icon elementor-view-default elementor-widget-divider--element-align-center elementor-widget elementor-widget-divider\" data-id=\"6f97308\" data-element_type=\"widget\" data-widget_type=\"divider.default\">\n\t\t\t\t<div class=\"elementor-widget-container\">\n\t\t\t\t\t\t\t<div class=\"elementor-divider\">\n\t\t\t<span class=\"elementor-divider-separator\">\n\t\t\t\t\t\t\t<div class=\"elementor-icon elementor-divider__element\">\n\t\t\t\t\t<svg xmlns=\"http:\/\/www.w3.org\/2000\/svg\" width=\"60\" height=\"68\" viewBox=\"0 0 60 68\" fill=\"none\"><g clip-path=\"url(#clip0_16_2821)\"><path fill-rule=\"evenodd\" clip-rule=\"evenodd\" d=\"M5.92 17.48L27.59 4.92003C26.39 4.15003 25.73 2.93003 25.75 1.66003L4.09 14.29C5.18 15.04 5.86 16.07 5.91 17.48\" fill=\"#D39620\"><\/path><path fill-rule=\"evenodd\" clip-rule=\"evenodd\" d=\"M33.69 1.66003L55.36 14.22C54.16 14.99 53.5 16.21 53.52 17.48L31.87 4.86003C32.96 4.11003 33.64 3.08003 33.69 1.67003\" fill=\"#D39620\"><\/path><path fill-rule=\"evenodd\" clip-rule=\"evenodd\" d=\"M56.38 52.73L33.62 66.03C33.54 64.61 33.12 63.36 31.95 62.51L53.7 49.91C53.82 51.23 55.09 52.22 56.38 52.72\" fill=\"#D39620\"><\/path><path fill-rule=\"evenodd\" clip-rule=\"evenodd\" d=\"M27.64 62.58L5.7 49.73C5.62 51.15 4.29 51.85 3.13 52.7L25.64 65.79C25.76 64.47 26.35 63.08 27.64 62.58Z\" fill=\"#D39620\"><\/path><path fill-rule=\"evenodd\" clip-rule=\"evenodd\" d=\"M3.82 45.66L3.74 21.29C2.48 21.93 1.09 21.9 0 21.27L0.14 45.66C1.34 45.1 2.56 45.03 3.82 45.66Z\" fill=\"#D39620\"><\/path><path fill-rule=\"evenodd\" clip-rule=\"evenodd\" d=\"M59.63 45.66L59.55 21.29C58.29 21.93 56.9 21.9 55.81 21.27L55.95 45.66C57.15 45.1 58.37 45.03 59.63 45.66Z\" fill=\"#D39620\"><\/path><path d=\"M14.39 29.26C13.49 29.26 12.4 29.27 11.1 29.27L11.06 35.6L14.57 35.55C19.11 35.61 18.99 29.48 14.39 29.26ZM16.81 43.27L13.8 38.41H11.1V43.25H8.35999V26.67H14.42C15.7 26.67 16.81 26.91 17.76 27.38C18.71 27.85 19.43 28.53 19.94 29.42C20.45 30.3 20.7 31.35 20.7 32.57C20.7 33.79 20.43 34.89 19.89 35.79C19.35 36.69 18.57 37.36 17.56 37.8L20.95 43.25L16.81 43.27Z\" fill=\"#D39620\"><\/path><path d=\"M29.7 40.56C30.82 40.56 31.8 40.33 32.65 39.86C33.5 39.39 34.15 38.73 34.61 37.86C35.07 37 35.3 35.99 35.3 34.85C35.3 33.71 35.07 32.71 34.61 31.84C34.15 30.98 33.5 30.31 32.65 29.84C31.8 29.37 30.81 29.14 29.7 29.14H25.99V40.55H29.7V40.56ZM23.16 26.53H29.83C31.46 26.53 32.9 26.87 34.17 27.56C35.43 28.25 36.42 29.22 37.11 30.48C37.81 31.74 38.16 33.19 38.16 34.84C38.16 36.49 37.81 37.94 37.11 39.2C36.41 40.46 35.43 41.43 34.17 42.12C32.91 42.81 31.46 43.15 29.83 43.15H23.16V26.51V26.53Z\" fill=\"#D39620\"><\/path><path d=\"M41.26 26.53H44.09V40.56L52.61 40.58V43.19L41.26 43.17V26.53Z\" fill=\"#D39620\"><\/path><path fill-rule=\"evenodd\" clip-rule=\"evenodd\" d=\"M57.23 15.6899C58.18 15.6899 58.95 16.4899 58.95 17.4899C58.95 18.4899 58.18 19.2899 57.23 19.2899C56.28 19.2899 55.51 18.4899 55.51 17.4899C55.51 16.4899 56.28 15.6899 57.23 15.6899Z\" fill=\"#D39620\"><\/path><path fill-rule=\"evenodd\" clip-rule=\"evenodd\" d=\"M57.23 47.0601C58.18 47.0601 58.95 47.8601 58.95 48.8601C58.95 49.8601 58.18 50.6601 57.23 50.6601C56.28 50.6601 55.51 49.8601 55.51 48.8601C55.51 47.8601 56.28 47.0601 57.23 47.0601Z\" fill=\"#D39620\"><\/path><path fill-rule=\"evenodd\" clip-rule=\"evenodd\" d=\"M2.01999 15.6899C2.96999 15.6899 3.73999 16.4899 3.73999 17.4899C3.73999 18.4899 2.96999 19.2899 2.01999 19.2899C1.06999 19.2899 0.299988 18.4899 0.299988 17.4899C0.299988 16.4899 1.06999 15.6899 2.01999 15.6899Z\" fill=\"#D39620\"><\/path><path fill-rule=\"evenodd\" clip-rule=\"evenodd\" d=\"M2.01999 47.0601C2.96999 47.0601 3.73999 47.8601 3.73999 48.8601C3.73999 49.8601 2.96999 50.6601 2.01999 50.6601C1.06999 50.6601 0.299988 49.8601 0.299988 48.8601C0.299988 47.8601 1.06999 47.0601 2.01999 47.0601Z\" fill=\"#D39620\"><\/path><path fill-rule=\"evenodd\" clip-rule=\"evenodd\" d=\"M29.78 63.95C30.73 63.95 31.5 64.75 31.5 65.75C31.5 66.75 30.73 67.55 29.78 67.55C28.83 67.55 28.06 66.75 28.06 65.75C28.06 64.75 28.83 63.95 29.78 63.95Z\" fill=\"#D39620\"><\/path><path fill-rule=\"evenodd\" clip-rule=\"evenodd\" d=\"M29.78 0C30.73 0 31.5 0.8 31.5 1.8C31.5 2.8 30.73 3.6 29.78 3.6C28.83 3.6 28.06 2.8 28.06 1.8C28.06 0.8 28.83 0 29.78 0Z\" fill=\"#D39620\"><\/path><\/g><defs><clipPath id=\"clip0_16_2821\"><rect width=\"59.63\" height=\"67.54\" fill=\"white\"><\/rect><\/clipPath><\/defs><\/svg><\/div>\n\t\t\t\t\t\t<\/span>\n\t\t<\/div>\n\t\t\t\t\t\t<\/div>\n\t\t\t\t<\/div>\n\t\t\t\t\t<\/div>\n\t\t\t\t<\/div>\n\t\t\t\t<section class=\"elementor-section elementor-top-section elementor-element elementor-element-662db0b elementor-section-full_width elementor-section-height-default elementor-section-height-default qodef-elementor-content-no\" data-id=\"662db0b\" data-element_type=\"section\">\n\t\t\t\t\t\t<div class=\"elementor-container elementor-column-gap-default\">\n\t\t\t\t\t<div class=\"elementor-column elementor-col-100 elementor-top-column elementor-element elementor-element-7f4dd06\" data-id=\"7f4dd06\" data-element_type=\"column\">\n\t\t\t<div class=\"elementor-widget-wrap elementor-element-populated\">\n\t\t\t\t\t\t<div class=\"elementor-element elementor-element-a845236 elementor-widget elementor-widget-text-editor\" data-id=\"a845236\" data-element_type=\"widget\" data-widget_type=\"text-editor.default\">\n\t\t\t\t<div class=\"elementor-widget-container\">\n\t\t\t\t\t\t\t\t\t<p>\ud83c\uddec\ud83c\udde7<\/p>\n<p><strong>&#8220;Who is Who&#8221;<\/strong><\/p>\n<p id=\"ember81\" class=\"ember-view reader-text-block__heading-2\"><strong>Meet Our Marketing Director and Holder of Ruy de Lacerda&#8217;s Legacy: Lu\u00eds Zamith<\/strong><\/p>\n<p id=\"ember82\" class=\"ember-view reader-text-block__paragraph\">Part of Ruy de Lacerda for more than 20 years, Lu\u00eds Zamith began his career with the company at the age of 16, working part-time in the warehouse and acquiring some administrative responsibilities.<\/p>\n<p id=\"ember83\" class=\"ember-view reader-text-block__paragraph\">After familiarising himself with the day-to-day aspects of the company, he grew and took on positions and challenges that allowed him to get to know the roots of Ruy de Lacerda better.<\/p>\n<p class=\"ember-view reader-text-block__paragraph\"><strong>The journey at Ruy de Lacerda<\/strong><\/p>\n<p id=\"ember85\" class=\"ember-view reader-text-block__paragraph\">Having graduated in Marketing Management, he has worked in various areas of the company, including sales.<\/p>\n<p id=\"ember86\" class=\"ember-view reader-text-block__paragraph\">He currently heads up the Marketing department, developing strategies to boost Ruy de Lacerda&#8217;s brand and take it into the future. Through his experiences at Ruy de Lacerda, Lu\u00eds has better understood the values that his family members were guided by, thus discovering the importance of differentiation and maintaining partnerships of excellence.<\/p>\n<p id=\"ember87\" class=\"ember-view reader-text-block__paragraph\">Lu\u00eds Zamith shares with us more about his life, vision and personal and professional prospects in this interview, which introduces us to the man behind Ruy de Lacerda&#8217;s marketing.<\/p>\n<p class=\"ember-view reader-text-block__paragraph\"><strong>What you like most about your job and Ruy de Lacerda?<\/strong><\/p>\n<p id=\"ember89\" class=\"ember-view reader-text-block__paragraph\"><strong>Lu\u00eds Zamith:<\/strong>&#8220;What I like most about my job is the constant opportunity to innovate and generate creative strategies that directly impact the company&#8217;s success, making our positive difference known to the market.<\/p>\n<p id=\"ember90\" class=\"ember-view reader-text-block__paragraph\">At Ruy de Lacerda, I deeply value our values and collaborative culture. It&#8217;s an environment where everyone is encouraged to contribute ideas and solutions and where we have the autonomy to manage our own work, without hierarchical pressures. This professional responsibility is added, but extremely rewarding, especially when we see the results of our efforts. Ruy de Lacerda trusts each and every one of us, and that trust motivates us to give our best every day.&#8221;<\/p>\n<p class=\"ember-view reader-text-block__paragraph\"><strong>What was a Career Defining Moment?<\/strong><\/p>\n<p id=\"ember92\" class=\"ember-view reader-text-block__paragraph\"><strong>Lu\u00eds Zamith:<\/strong> &#8220;An unforgettable moment was when, in the early days, I had the opportunity to accompany clients on visits to suppliers abroad. This experience allowed me to get to know the reality of Ruy de Lacerda in a more intense and effective way, and to see how positively we are perceived on both the national and international markets. It was extremely gratifying to see up close the recognition and respect our company enjoys, which reinforced my pride in being part of this team and my commitment to our mission and values.&#8221;<\/p>\n<p class=\"ember-view reader-text-block__paragraph\"><strong>What are your Hobbies and interests?<\/strong><\/p>\n<p id=\"ember94\" class=\"ember-view reader-text-block__paragraph\"><strong>Lu\u00eds Zamith:<\/strong> &#8220;Outside of work I really enjoy doing sport, which I do every day if possible. Cycling and endurance work are my favourite disciplines.<\/p>\n<p id=\"ember95\" class=\"ember-view reader-text-block__paragraph\">Every year I take on the challenge of planning and completing two tours totalling at least 600 km. This goal not only keeps me physically fit, but also strengthens my planning and organisational skills. Each tour requires a detailed strategy, route adjustment and time management. A balance between physical and mental challenge that helps me in my day-to-day personal and professional life.<\/p>\n<p id=\"ember96\" class=\"ember-view reader-text-block__paragraph\">I&#8217;m also an avid reader of specialised topics (personal development and innovation), I like motorbikes, cars, mechanics, DIY, gardening and travelling in and outside Portugal.&#8221;<\/p>\n<p class=\"ember-view reader-text-block__paragraph\"><strong>What was the best professional advice you received?<\/strong><\/p>\n<p id=\"ember98\" class=\"ember-view reader-text-block__paragraph\"><strong>Lu\u00eds Zamith:<\/strong>&#8220;The best advice I ever received was: &#8216;Never stop learning and adapting&#8217;. This advice has been fundamental throughout my career at Ruy de Lacerda, allowing me to evolve with market changes and always look for new tools and knowledge.&#8221;<\/p>\n<p class=\"ember-view reader-text-block__paragraph\"><strong>How has Ruy de Lacerda helped you achieve your goals?<\/strong><\/p>\n<p id=\"ember100\" class=\"ember-view reader-text-block__paragraph\"><strong>Lu\u00eds Zamith:<\/strong> &#8220;Ruy de Lacerda has always offered me opportunities for professional development and growth, from my early days to my current position. It has always given me room to grow at my own pace.<\/p>\n<p id=\"ember101\" class=\"ember-view reader-text-block__paragraph\">The company invested in training and also gave me room to take on new challenges and responsibilities. This not only helped me achieve my professional goals, but also allowed me to grow personally, developing skills on various levels. I improved my leadership, communication, problem-solving and time management skills. What&#8217;s more, I&#8217;ve learnt how to build and maintain interpersonal relationships more effectively, which is fundamental both in the workplace and in my personal life.&#8221;<\/p>\n<p class=\"ember-view reader-text-block__paragraph\"><strong>The Future at Ruy de Lacerda<\/strong><\/p>\n<p id=\"ember103\" class=\"ember-view reader-text-block__paragraph\">This belief in its employees is one of the factors that allows Ruy de Lacerda to adapt quickly and effectively to all the new developments and challenges that arise in its day-to-day work, in order to continue supporting the industry in Portugal today and always.<\/p>\n<p id=\"ember104\" class=\"ember-view reader-text-block__paragraph\">With a team members such as Lu\u00eds Zamith, prepared to deal with challenges and with a strong vision of the future, Ruy de Lacerda will continue to be a trusted partner for all industrial companies in Portugal and Europe, always bringing the best products, equipment and consumables to industry in Portugal.<\/p>\n\t\t\t\t\t\t\t\t<\/div>\n\t\t\t\t<\/div>\n\t\t\t\t\t<\/div>\n\t\t<\/div>\n\t\t\t\t\t<\/div>\n\t\t<\/section>\n\t\t<div class=\"elementor-element elementor-element-010ec74 e-flex e-con-boxed qodef-elementor-content-no e-con e-parent\" data-id=\"010ec74\" data-element_type=\"container\">\n\t\t\t\t\t<div class=\"e-con-inner\">\n\t\t\t\t\t<\/div>\n\t\t\t\t<\/div>\n\t\t\t\t<\/div>\n\t\t","protected":false},"excerpt":{"rendered":"<p>Luis Zamith is the grandson of the founder, Ruy de Lacerda, and the son of David Zamith and Clara Lacerda Zamith, embodying the values that have always defined this family. Having grown up in a warm environment that nurtured his curiosity and skills, Lu\u00eds chose to become an active part of the daily life of the company his grandfather founded&#8230;<\/p>\n","protected":false},"author":2,"featured_media":15008,"comment_status":"closed","ping_status":"closed","sticky":false,"template":"","format":"standard","meta":{"_acf_changed":false,"_joinchat":[],"footnotes":""},"categories":[181],"tags":[],"class_list":["post-15014","post","type-post","status-publish","format-standard","has-post-thumbnail","hentry","category-rdl-institutional"],"acf":[],"_links":{"self":[{"href":"https:\/\/www.ruydelacerda.pt\/en\/wp-json\/wp\/v2\/posts\/15014","targetHints":{"allow":["GET"]}}],"collection":[{"href":"https:\/\/www.ruydelacerda.pt\/en\/wp-json\/wp\/v2\/posts"}],"about":[{"href":"https:\/\/www.ruydelacerda.pt\/en\/wp-json\/wp\/v2\/types\/post"}],"author":[{"embeddable":true,"href":"https:\/\/www.ruydelacerda.pt\/en\/wp-json\/wp\/v2\/users\/2"}],"replies":[{"embeddable":true,"href":"https:\/\/www.ruydelacerda.pt\/en\/wp-json\/wp\/v2\/comments?post=15014"}],"version-history":[{"count":2,"href":"https:\/\/www.ruydelacerda.pt\/en\/wp-json\/wp\/v2\/posts\/15014\/revisions"}],"predecessor-version":[{"id":15048,"href":"https:\/\/www.ruydelacerda.pt\/en\/wp-json\/wp\/v2\/posts\/15014\/revisions\/15048"}],"wp:featuredmedia":[{"embeddable":true,"href":"https:\/\/www.ruydelacerda.pt\/en\/wp-json\/wp\/v2\/media\/15008"}],"wp:attachment":[{"href":"https:\/\/www.ruydelacerda.pt\/en\/wp-json\/wp\/v2\/media?parent=15014"}],"wp:term":[{"taxonomy":"category","embeddable":true,"href":"https:\/\/www.ruydelacerda.pt\/en\/wp-json\/wp\/v2\/categories?post=15014"},{"taxonomy":"post_tag","embeddable":true,"href":"https:\/\/www.ruydelacerda.pt\/en\/wp-json\/wp\/v2\/tags?post=15014"}],"curies":[{"name":"wp","href":"https:\/\/api.w.org\/{rel}","templated":true}]}}