{"id":15057,"date":"2024-07-08T07:00:34","date_gmt":"2024-07-08T07:00:34","guid":{"rendered":"https:\/\/www.ruydelacerda.pt\/fusao-print-celebrates-15-years-there-are-no-impossibles-in-textile-printing\/"},"modified":"2025-11-28T14:34:17","modified_gmt":"2025-11-28T14:34:17","slug":"fusao-print-celebrates-15-years-there-are-no-impossibles-in-textile-printing","status":"publish","type":"post","link":"https:\/\/www.ruydelacerda.pt\/en\/fusao-print-celebrates-15-years-there-are-no-impossibles-in-textile-printing\/","title":{"rendered":"Fus\u00e3o Print Celebrates 15 Years &#8211; \u201cThere Are No Impossibles\u201d in Textile Printing"},"content":{"rendered":"\t\t<div data-elementor-type=\"wp-post\" data-elementor-id=\"15057\" class=\"elementor elementor-15057 elementor-15049\">\n\t\t\t\t\t\t<section class=\"elementor-section elementor-top-section elementor-element elementor-element-3a875029 elementor-section-full_width elementor-section-height-default elementor-section-height-default qodef-elementor-content-no\" data-id=\"3a875029\" data-element_type=\"section\">\n\t\t\t\t\t\t<div class=\"elementor-container elementor-column-gap-default\">\n\t\t\t\t\t<div class=\"elementor-column elementor-col-100 elementor-top-column elementor-element elementor-element-22ee66ef\" data-id=\"22ee66ef\" data-element_type=\"column\">\n\t\t\t<div class=\"elementor-widget-wrap elementor-element-populated\">\n\t\t\t\t\t\t<div class=\"elementor-element elementor-element-cba7d75 elementor-widget elementor-widget-text-editor\" data-id=\"cba7d75\" data-element_type=\"widget\" data-widget_type=\"text-editor.default\">\n\t\t\t\t<div class=\"elementor-widget-container\">\n\t\t\t\t\t\t\t\t\t<p>(English Below) \ud83c\uddf5\ud83c\uddf9<\/p>\n<p id=\"ember52\" class=\"ember-view reader-text-block__paragraph\">Na Ruy de Lacerda, como fornecedores de equipamentos e consum\u00edveis para a ind\u00fastria, tivemos o prazer de ver muitas empresas a nascer e a crescer. A Fus\u00e3o Print , celebrando seus 15 anos de exist\u00eancia, \u00e9 um exemplo inspirador de empreendedorismo, excel\u00eancia t\u00e9cnica e colabora\u00e7\u00e3o estrat\u00e9gica no setor industrial. Fundada por <a id=\"ember53\" class=\"ember-view\" tabindex=\"0\" href=\"https:\/\/www.linkedin.com\/in\/adelino-rafael-18328a43\/\">Adelino Rafael<\/a> em 1 de junho de 2009, a empresa destacou-se pela procura incessante por inova\u00e7\u00e3o e qualidade, a qual tivemos a honra de apoiar desde a sua funda\u00e7\u00e3o.<\/p>\n<p>\u00a0<\/p>\n<p class=\"ember-view reader-text-block__paragraph\"><strong>A Cria\u00e7\u00e3o da Fus\u00e3o Print<\/strong><\/p>\n<p id=\"ember56\" class=\"ember-view reader-text-block__paragraph\">Adelino Rafael iniciou sua carreira na ind\u00fastria em 1993 e, com o tempo, acumulou experi\u00eancias e aprendizagens que culminaram na funda\u00e7\u00e3o da Fus\u00e3o Print. \u201cIniciei fun\u00e7\u00f5es nesta \u00e1rea em 1993, tendo posteriormente fundado a Fus\u00e3o Print em 2009\u201d, relembra Adelino.<\/p>\n<p id=\"ember57\" class=\"ember-view reader-text-block__paragraph\">Sergio Pereira da Ruy de Lacerda comenta \u201c\u00c9 um prazer colaborar com a Fus\u00e3o Print nos seus projetos, pois esta espelha os valores da Ruy de Lacerda, pela persist\u00eancia e pela capacidade de superar desafios, especialmente no in\u00edcio de cada novo projeto.<\/p>\n<p>\u00a0<\/p>\n<p id=\"ember60\" class=\"ember-view reader-text-block__paragraph\"><strong>As principais conquistas<\/strong><\/p>\n<p id=\"ember61\" class=\"ember-view reader-text-block__paragraph\">Adelino destaca que a maior aprendizagem na ind\u00fastria gr\u00e1fica \u00e9 a necessidade de estar sempre preparado para evoluir. \u201cA maior aprendizagem que tive na \u00e1rea da estamparia foi de que realmente temos de estar preparados para querer mais e acompanhar a evolu\u00e7\u00e3o, porque ela \u00e9 constante.\u201d Um dos momentos mais significativos foi a abertura da Fus\u00e3o Print, que representa uma importante conquista na sua carreira.<\/p>\n<p>\u00a0<\/p>\n<p id=\"ember63\" class=\"ember-view reader-text-block__paragraph\"><strong>Desafios na Trajet\u00f3ria<\/strong><\/p>\n<p id=\"ember64\" class=\"ember-view reader-text-block__paragraph\">O in\u00edcio de cada projeto foi, sem d\u00favida, o per\u00edodo mais dif\u00edcil na trajet\u00f3ria de Adelino. \u201cNa minha trajet\u00f3ria profissional, o in\u00edcio de cada projeto foi sem d\u00favida o mais dif\u00edcil e a\u00ed refiro-me a dois projetos especiais com dificuldades muito distintas: o in\u00edcio da Fus\u00e3o, que foi criada de raiz, e a Neivacor, uma empresa que tinha e tem mais anos de exist\u00eancia do que eu tenho de experi\u00eancia.\u201d Atualmente, a vulnerabilidade \u00e0s pol\u00edticas e aos interesses das grandes pot\u00eancias mundiais representa um desafio cont\u00ednuo para o tecido empresarial.<\/p>\n<p id=\"ember65\" class=\"ember-view reader-text-block__paragraph\">\u201cNa Ruy de Lacerda estamos sempre atentos a todos os fatores nacionais e internacionais que possam afetar as ind\u00fastrias dos nossos clientes. As nossas parcerias v\u00e3o al\u00e9m de uma rela\u00e7\u00e3o comercial, pois queremos sempre apoiar os nossos parceiros e criar rela\u00e7\u00f5es mutuamente lucrativas e duradouras.\u201d, afirma S\u00e9rgio Pereira.<\/p>\n<p id=\"ember67\" class=\"ember-view reader-text-block__paragraph\"><strong>Parcerias Estrat\u00e9gicas<\/strong><\/p>\n<p id=\"ember68\" class=\"ember-view reader-text-block__paragraph\">A colabora\u00e7\u00e3o com a Ruy de Lacerda foi fundamental para o crescimento e a evolu\u00e7\u00e3o da Fus\u00e3o Print. Adelino conheceu a Ruy de Lacerda durante sua atua\u00e7\u00e3o na BE&amp;G Lda. \u201cConheci a Ruy de Lacerda j\u00e1 h\u00e1 uns anos, como funcion\u00e1rio da BE&amp;G Lda, altura em que visitei as instala\u00e7\u00f5es ainda em Campanh\u00e3.\u201d<\/p>\n<p id=\"ember69\" class=\"ember-view reader-text-block__paragraph\">Essa parceria fortaleceu-se ao longo dos anos. Em 2014, a Fus\u00e3o Print adquiriu uma m\u00e1quina de grava\u00e7\u00e3o com proje\u00e7\u00e3o a cera, um investimento significativo que marcou o in\u00edcio da evolu\u00e7\u00e3o tecnol\u00f3gica da empresa. \u201cAp\u00f3s 5 anos de exist\u00eancia da Fus\u00e3o Print, compramos uma m\u00e1quina de grava\u00e7\u00e3o com proje\u00e7\u00e3o a cera em 2\u00aa m\u00e3o \u00e0 Estamparia Pinto atrav\u00e9s da Ruy de Lacerda, onde o intermedi\u00e1rio foi Sr. Abreu, a quem agrade\u00e7o imenso.\u201d<\/p>\n<p id=\"ember70\" class=\"ember-view reader-text-block__paragraph\">Em 2017, a Fus\u00e3o Print destacou-se ao comprar o primeiro sistema de grava\u00e7\u00e3o a luz UV de exposi\u00e7\u00e3o direta vendido para uma estamparia em Portugal. \u201cDesde a\u00ed n\u00e3o paramos na procura de mais at\u00e9 que em 2017 compramos todo o sistema em linha de grava\u00e7\u00e3o a luz UV de exposi\u00e7\u00e3o direta (o primeiro vendido para uma estamparia em Portugal).\u201d<\/p>\n<p id=\"ember71\" class=\"ember-view reader-text-block__paragraph\">O David Zamith, da Ruy de Lacerda parabeniza a Fus\u00e3o Print pela sua inova\u00e7\u00e3o e lideran\u00e7a: \u201cAo longo dos meus anos de servi\u00e7o \u00e0 Ruy de Lacerda, tive a honra de apoiar muitas empresas na sua funda\u00e7\u00e3o e crescimento. A Fus\u00e3o Print demonstra os valores e ideais necess\u00e1rios ao sucesso a longo prazo de uma empresa, com o seu foco na inova\u00e7\u00e3o e adaptabilidade \u00e0s inova\u00e7\u00f5es tecnol\u00f3gicas.\u201d<\/p>\n<p id=\"ember73\" class=\"ember-view reader-text-block__paragraph\">Mais de metade das empresas n\u00e3o chega aos 3 anos de idade, mas a Fus\u00e3o Print conta j\u00e1 com 15 anos e mant\u00e9m-se forte no setor da ind\u00fastria gr\u00e1fica, que conta com mais de 2110 empresas em Portugal.<\/p>\n<p id=\"ember74\" class=\"ember-view reader-text-block__paragraph\">Adelino ressalta a import\u00e2ncia dos t\u00e9cnicos da Ruy de Lacerda, destacando o seu profissionalismo, compet\u00eancia e envolvimento. \u201cQuero deixar aqui a minha homenagem aos seus t\u00e9cnicos, n\u00e3o apenas pelo seu profissionalismo e compet\u00eancias, mas tamb\u00e9m pelo envolvimento de todos em perceber o patamar da qualidade que sempre ambicionamos.\u201d<\/p>\n<p>\u00a0<\/p>\n<p id=\"ember76\" class=\"ember-view reader-text-block__paragraph\"><strong>Mensagem para os Iniciantes<\/strong><\/p>\n<p id=\"ember77\" class=\"ember-view reader-text-block__paragraph\">Adelino Rafael deixa uma mensagem inspiradora para quem est\u00e1 a come\u00e7ar na \u00e1rea: \u201cNunca se acomodem, que procurem sempre mais e que invistam na qualidade. Deixo aqui a mensagem que um dia tamb\u00e9m me passaram: &#8216;N\u00e3o h\u00e1 imposs\u00edveis!&#8217;\u201d<\/p>\n<p>\u00a0<\/p>\n<p id=\"ember79\" class=\"ember-view reader-text-block__paragraph\"><strong>15 anos<\/strong><\/p>\n<p id=\"ember80\" class=\"ember-view reader-text-block__paragraph\">A celebra\u00e7\u00e3o dos 15 anos da Fus\u00e3o Print \u00e9 um testemunho do esp\u00edrito empreendedor e da dedica\u00e7\u00e3o \u00e0 excel\u00eancia. A trajet\u00f3ria de Adelino Rafael e da sua empresa \u00e9 um exemplo inspirador de como a perseveran\u00e7a, a inova\u00e7\u00e3o e as parcerias estrat\u00e9gicas podem transformar desafios em oportunidades. Fazemos votos que os pr\u00f3ximos anos tragam ainda mais conquistas e inova\u00e7\u00f5es para a Fus\u00e3o Print!<\/p>\n<p>\u00a0<\/p>\n<p id=\"ember82\" class=\"ember-view reader-text-block__paragraph\"><strong>Sobre a Fus\u00e3o Print<\/strong><\/p>\n<p id=\"ember83\" class=\"ember-view reader-text-block__paragraph\">A Fus\u00e3o Print \u00e9 uma empresa de estamparia t\u00eaxtil, fundada em 2009, situada em Lij\u00f3, Barcelos. \u00c9 uma PME s\u00f3lida que tem vindo a crescer de forma sustent\u00e1vel, tendo-se tornado relevante a n\u00edvel nacional e recentemente at\u00e9 internacional. Contam com uma equipa experiente e qualificada que continua hoje e sempre com um foco na aprendizagem e desenvolvimento.<\/p>\n<p id=\"ember84\" class=\"ember-view reader-text-block__paragraph\">A sua maior for\u00e7a \u00e9 o foco na inova\u00e7\u00e3o, a qual temos o prazer de apoiar atrav\u00e9s dos nossos parceiros l\u00edderes tecnol\u00f3gicos e da nossa extensa rede de contactos. Na Ruy de Lacerda acreditamos num brilhante futuro para a Fus\u00e3o Print e queremos sempre continuar a apoiar esta e outras PME.<\/p>\n\t\t\t\t\t\t\t\t<\/div>\n\t\t\t\t<\/div>\n\t\t\t\t\t<\/div>\n\t\t<\/div>\n\t\t\t\t\t<\/div>\n\t\t<\/section>\n\t\t<div class=\"elementor-element elementor-element-0acfde5 e-flex e-con-boxed qodef-elementor-content-no e-con e-parent\" data-id=\"0acfde5\" data-element_type=\"container\">\n\t\t\t\t\t<div class=\"e-con-inner\">\n\t\t\t\t<div class=\"elementor-element elementor-element-6f97308 elementor-widget-divider--view-line_icon elementor-view-default elementor-widget-divider--element-align-center elementor-widget elementor-widget-divider\" data-id=\"6f97308\" data-element_type=\"widget\" data-widget_type=\"divider.default\">\n\t\t\t\t<div class=\"elementor-widget-container\">\n\t\t\t\t\t\t\t<div class=\"elementor-divider\">\n\t\t\t<span class=\"elementor-divider-separator\">\n\t\t\t\t\t\t\t<div class=\"elementor-icon elementor-divider__element\">\n\t\t\t\t\t<svg xmlns=\"http:\/\/www.w3.org\/2000\/svg\" width=\"60\" height=\"68\" viewBox=\"0 0 60 68\" fill=\"none\"><g clip-path=\"url(#clip0_16_2821)\"><path fill-rule=\"evenodd\" clip-rule=\"evenodd\" d=\"M5.92 17.48L27.59 4.92003C26.39 4.15003 25.73 2.93003 25.75 1.66003L4.09 14.29C5.18 15.04 5.86 16.07 5.91 17.48\" fill=\"#D39620\"><\/path><path fill-rule=\"evenodd\" clip-rule=\"evenodd\" d=\"M33.69 1.66003L55.36 14.22C54.16 14.99 53.5 16.21 53.52 17.48L31.87 4.86003C32.96 4.11003 33.64 3.08003 33.69 1.67003\" fill=\"#D39620\"><\/path><path fill-rule=\"evenodd\" clip-rule=\"evenodd\" d=\"M56.38 52.73L33.62 66.03C33.54 64.61 33.12 63.36 31.95 62.51L53.7 49.91C53.82 51.23 55.09 52.22 56.38 52.72\" fill=\"#D39620\"><\/path><path fill-rule=\"evenodd\" clip-rule=\"evenodd\" d=\"M27.64 62.58L5.7 49.73C5.62 51.15 4.29 51.85 3.13 52.7L25.64 65.79C25.76 64.47 26.35 63.08 27.64 62.58Z\" fill=\"#D39620\"><\/path><path fill-rule=\"evenodd\" clip-rule=\"evenodd\" d=\"M3.82 45.66L3.74 21.29C2.48 21.93 1.09 21.9 0 21.27L0.14 45.66C1.34 45.1 2.56 45.03 3.82 45.66Z\" fill=\"#D39620\"><\/path><path fill-rule=\"evenodd\" clip-rule=\"evenodd\" d=\"M59.63 45.66L59.55 21.29C58.29 21.93 56.9 21.9 55.81 21.27L55.95 45.66C57.15 45.1 58.37 45.03 59.63 45.66Z\" fill=\"#D39620\"><\/path><path d=\"M14.39 29.26C13.49 29.26 12.4 29.27 11.1 29.27L11.06 35.6L14.57 35.55C19.11 35.61 18.99 29.48 14.39 29.26ZM16.81 43.27L13.8 38.41H11.1V43.25H8.35999V26.67H14.42C15.7 26.67 16.81 26.91 17.76 27.38C18.71 27.85 19.43 28.53 19.94 29.42C20.45 30.3 20.7 31.35 20.7 32.57C20.7 33.79 20.43 34.89 19.89 35.79C19.35 36.69 18.57 37.36 17.56 37.8L20.95 43.25L16.81 43.27Z\" fill=\"#D39620\"><\/path><path d=\"M29.7 40.56C30.82 40.56 31.8 40.33 32.65 39.86C33.5 39.39 34.15 38.73 34.61 37.86C35.07 37 35.3 35.99 35.3 34.85C35.3 33.71 35.07 32.71 34.61 31.84C34.15 30.98 33.5 30.31 32.65 29.84C31.8 29.37 30.81 29.14 29.7 29.14H25.99V40.55H29.7V40.56ZM23.16 26.53H29.83C31.46 26.53 32.9 26.87 34.17 27.56C35.43 28.25 36.42 29.22 37.11 30.48C37.81 31.74 38.16 33.19 38.16 34.84C38.16 36.49 37.81 37.94 37.11 39.2C36.41 40.46 35.43 41.43 34.17 42.12C32.91 42.81 31.46 43.15 29.83 43.15H23.16V26.51V26.53Z\" fill=\"#D39620\"><\/path><path d=\"M41.26 26.53H44.09V40.56L52.61 40.58V43.19L41.26 43.17V26.53Z\" fill=\"#D39620\"><\/path><path fill-rule=\"evenodd\" clip-rule=\"evenodd\" d=\"M57.23 15.6899C58.18 15.6899 58.95 16.4899 58.95 17.4899C58.95 18.4899 58.18 19.2899 57.23 19.2899C56.28 19.2899 55.51 18.4899 55.51 17.4899C55.51 16.4899 56.28 15.6899 57.23 15.6899Z\" fill=\"#D39620\"><\/path><path fill-rule=\"evenodd\" clip-rule=\"evenodd\" d=\"M57.23 47.0601C58.18 47.0601 58.95 47.8601 58.95 48.8601C58.95 49.8601 58.18 50.6601 57.23 50.6601C56.28 50.6601 55.51 49.8601 55.51 48.8601C55.51 47.8601 56.28 47.0601 57.23 47.0601Z\" fill=\"#D39620\"><\/path><path fill-rule=\"evenodd\" clip-rule=\"evenodd\" d=\"M2.01999 15.6899C2.96999 15.6899 3.73999 16.4899 3.73999 17.4899C3.73999 18.4899 2.96999 19.2899 2.01999 19.2899C1.06999 19.2899 0.299988 18.4899 0.299988 17.4899C0.299988 16.4899 1.06999 15.6899 2.01999 15.6899Z\" fill=\"#D39620\"><\/path><path fill-rule=\"evenodd\" clip-rule=\"evenodd\" d=\"M2.01999 47.0601C2.96999 47.0601 3.73999 47.8601 3.73999 48.8601C3.73999 49.8601 2.96999 50.6601 2.01999 50.6601C1.06999 50.6601 0.299988 49.8601 0.299988 48.8601C0.299988 47.8601 1.06999 47.0601 2.01999 47.0601Z\" fill=\"#D39620\"><\/path><path fill-rule=\"evenodd\" clip-rule=\"evenodd\" d=\"M29.78 63.95C30.73 63.95 31.5 64.75 31.5 65.75C31.5 66.75 30.73 67.55 29.78 67.55C28.83 67.55 28.06 66.75 28.06 65.75C28.06 64.75 28.83 63.95 29.78 63.95Z\" fill=\"#D39620\"><\/path><path fill-rule=\"evenodd\" clip-rule=\"evenodd\" d=\"M29.78 0C30.73 0 31.5 0.8 31.5 1.8C31.5 2.8 30.73 3.6 29.78 3.6C28.83 3.6 28.06 2.8 28.06 1.8C28.06 0.8 28.83 0 29.78 0Z\" fill=\"#D39620\"><\/path><\/g><defs><clipPath id=\"clip0_16_2821\"><rect width=\"59.63\" height=\"67.54\" fill=\"white\"><\/rect><\/clipPath><\/defs><\/svg><\/div>\n\t\t\t\t\t\t<\/span>\n\t\t<\/div>\n\t\t\t\t\t\t<\/div>\n\t\t\t\t<\/div>\n\t\t\t\t\t<\/div>\n\t\t\t\t<\/div>\n\t\t\t\t<section class=\"elementor-section elementor-top-section elementor-element elementor-element-662db0b elementor-section-full_width elementor-section-height-default elementor-section-height-default qodef-elementor-content-no\" data-id=\"662db0b\" data-element_type=\"section\">\n\t\t\t\t\t\t<div class=\"elementor-container elementor-column-gap-default\">\n\t\t\t\t\t<div class=\"elementor-column elementor-col-100 elementor-top-column elementor-element elementor-element-7f4dd06\" data-id=\"7f4dd06\" data-element_type=\"column\">\n\t\t\t<div class=\"elementor-widget-wrap elementor-element-populated\">\n\t\t\t\t\t\t<div class=\"elementor-element elementor-element-a845236 elementor-widget elementor-widget-text-editor\" data-id=\"a845236\" data-element_type=\"widget\" data-widget_type=\"text-editor.default\">\n\t\t\t\t<div class=\"elementor-widget-container\">\n\t\t\t\t\t\t\t\t\t<p>\ud83c\uddec\ud83c\udde7<\/p>\n<p><strong>Fus\u00e3o Print celebrates 15 years &#8211; &#8220;There are no impossibilities&#8221; in printmaking<\/strong><\/p>\n<p id=\"ember87\" class=\"ember-view reader-text-block__paragraph\">At Ruy de Lacerda, as suppliers of equipment and consumables for industry, we have had the pleasure of seeing many companies born and grow. Fus\u00e3o Print, celebrating its 15th anniversary, is an inspiring example of entrepreneurship, technical excellence and strategic collaboration in the industrial sector. Founded by Adelino Rafael on 1 June 2009, the company has stood out for its relentless pursuit of innovation and quality, which we have had the honour of supporting since its foundation.<\/p>\n<p>\u00a0<\/p>\n<p id=\"ember89\" class=\"ember-view reader-text-block__paragraph\"><strong>The creation of Fus\u00e3o Print<\/strong><\/p>\n<p id=\"ember90\" class=\"ember-view reader-text-block__paragraph\">Adelino Rafael began his career in the industry in 1993 and, over time, accumulated experiences and learnings that culminated in the founding of Fus\u00e3o Print. &#8220;I started working in this area in 1993 and then founded Fus\u00e3o Print in 2009,&#8221; recalls Adelino.<\/p>\n<p id=\"ember91\" class=\"ember-view reader-text-block__paragraph\">S\u00e9rgio Pereira from Ruy de Lacerda comments: &#8220;It&#8217;s a pleasure to collaborate with Fus\u00e3o Print on its projects, as it mirrors Ruy de Lacerda&#8217;s values of persistence and the ability to overcome challenges, especially at the start of each new project.<\/p>\n<p>\u00a0<\/p>\n<p id=\"ember93\" class=\"ember-view reader-text-block__paragraph\"><strong>Main achievements<\/strong><\/p>\n<p id=\"ember94\" class=\"ember-view reader-text-block__paragraph\">Adelino emphasises that the greatest learning in the printing industry is the need to always be prepared to evolve. &#8220;The biggest learning I&#8217;ve had in the printing industry is that you really have to be prepared to want more and keep up with evolution, because it&#8217;s constant.&#8221; One of the most significant moments was the opening of Fus\u00e3o Print, which represents an important achievement in his career.<\/p>\n<p>\u00a0<\/p>\n<p id=\"ember96\" class=\"ember-view reader-text-block__paragraph\"><strong>Challenges along the way<\/strong><\/p>\n<p id=\"ember97\" class=\"ember-view reader-text-block__paragraph\">The start of each project was undoubtedly the most difficult period in Adelino&#8217;s career. &#8220;In my professional career, the start of each project was undoubtedly the most difficult, and here I&#8217;m referring to two special projects with very different difficulties: the start of Fus\u00e3o, which was created from scratch, and Neivacor, a company that had and has more years of existence than I have of experience.&#8221; Nowadays, vulnerability to the policies and interests of the world&#8217;s major powers represents an ongoing challenge for the business fabric.<\/p>\n<p id=\"ember98\" class=\"ember-view reader-text-block__paragraph\">&#8220;At Ruy de Lacerda we are always on the lookout for all the national and international factors that could affect our clients&#8217; industries. Our partnerships go beyond a commercial relationship, as we always want to support our partners and create mutually profitable and lasting relationships,&#8221; says S\u00e9rgio Pereira.<\/p>\n<p>\u00a0<\/p>\n<p id=\"ember100\" class=\"ember-view reader-text-block__paragraph\"><strong>Strategic Partnerships<\/strong><\/p>\n<p id=\"ember101\" class=\"ember-view reader-text-block__paragraph\">Collaboration with Ruy de Lacerda has been fundamental to the growth and evolution of Fus\u00e3o Print. Adelino got to know Ruy de Lacerda during his time at BE&amp;G Lda. &#8220;I met Ruy de Lacerda a few years ago, as an employee of BE&amp;G Lda, when I visited the premises still in Campanh\u00e3.&#8221;<\/p>\n<p id=\"ember102\" class=\"ember-view reader-text-block__paragraph\">This partnership has strengthened over the years. In 2014, Fus\u00e3o Print acquired a wax projection engraving machine, a significant investment that marked the beginning of the company&#8217;s technological evolution. &#8220;After five years of Fus\u00e3o Print&#8217;s existence, we bought a second-hand wax projection engraving machine from Estamparia Pinto through Ruy de Lacerda, where the intermediary was Mr Abreu, to whom I am very grateful.&#8221;<\/p>\n<p id=\"ember103\" class=\"ember-view reader-text-block__paragraph\">In 2017, Fus\u00e3o Print stood out when it bought the first laser engraving system sold to a print shop in Portugal. &#8220;Since then we haven&#8217;t stopped looking for more, until in 2017 we bought the entire online laser engraving system (the first sold to a print shop in Portugal).&#8221;<\/p>\n<p id=\"ember104\" class=\"ember-view reader-text-block__paragraph\">Mr David Zamith of Ruy de Lacerda congratulates Fus\u00e3o Print on its innovation and leadership: &#8220;Throughout my years of service to Ruy de Lacerda, I have had the honour of supporting many companies in their foundation and growth. Fus\u00e3o Print demonstrates the values and ideals necessary for a company&#8217;s long-term success, with its focus on innovation and adaptability to technological innovations.&#8221;<\/p>\n<p id=\"ember105\" class=\"ember-view reader-text-block__paragraph\">More than half of all companies don&#8217;t reach the age of three, but Fus\u00e3o Print is now 15 years old and remains strong in the printing industry, which has more than 2110 companies in Portugal.<\/p>\n<p id=\"ember106\" class=\"ember-view reader-text-block__paragraph\">Adelino emphasises the importance of Ruy de Lacerda&#8217;s technicians, highlighting their professionalism, competence and involvement.&#8221;I would like to pay tribute to the technicians here, not only for their professionalism and skills, but also for everyone&#8217;s involvement in achieving the level of quality that we have always aspired to.&#8221;Message for beginners<\/p>\n<p id=\"ember107\" class=\"ember-view reader-text-block__paragraph\">Adelino Rafael leaves an inspiring message for those starting out in the field: &#8220;Never be complacent, always look for more and invest in quality.I&#8217;ll leave you with the message I was once given: &#8216;There are no impossibles!<\/p>\n<p>\u00a0<\/p>\n<p id=\"ember109\" class=\"ember-view reader-text-block__paragraph\"><strong>15th anniversary<\/strong><\/p>\n<p id=\"ember110\" class=\"ember-view reader-text-block__paragraph\">The celebration of Fus\u00e3o Print&#8217;s 15th anniversary is a testament to its entrepreneurial spirit and dedication to excellence. The career of Adelino Rafael and his company is an inspiring example of how perseverance, innovation and strategic partnerships can turn challenges into opportunities.We hope that the coming years will bring even more achievements and innovations for Fus\u00e3o Print!<\/p>\n<p>\u00a0<\/p>\n<p id=\"ember112\" class=\"ember-view reader-text-block__paragraph\"><strong>About Fus\u00e3o Print<\/strong><\/p>\n<p id=\"ember113\" class=\"ember-view reader-text-block__paragraph\">Fus\u00e3o Print is a textile printing company founded in 2009 and located in Lij\u00f3, Barcelos. It is a solid SME that has been growing in a sustainable way, having become relevant at a national level and recently even internationally. They have an experienced and qualified team that continues today and always with a focus on learning and development.<\/p>\n<p id=\"ember114\" class=\"ember-view reader-text-block__paragraph\">Their greatest strength is their focus on innovation, which we are pleased to support through our leading technology partners and our extensive network of contacts. At Ruy de Lacerda we believe in a bright future for Fus\u00e3o Print and we always want to continue supporting this and other SMEs.<\/p>\n\t\t\t\t\t\t\t\t<\/div>\n\t\t\t\t<\/div>\n\t\t\t\t\t<\/div>\n\t\t<\/div>\n\t\t\t\t\t<\/div>\n\t\t<\/section>\n\t\t<div class=\"elementor-element elementor-element-010ec74 e-flex e-con-boxed qodef-elementor-content-no e-con e-parent\" data-id=\"010ec74\" data-element_type=\"container\">\n\t\t\t\t\t<div class=\"e-con-inner\">\n\t\t\t\t\t<\/div>\n\t\t\t\t<\/div>\n\t\t\t\t<\/div>\n\t\t","protected":false},"excerpt":{"rendered":"<p>At Ruy de Lacerda, as suppliers of equipment and consumables for the industry, we have had the pleasure of seeing many companies emerge and grow. Fus\u00e3o Print, now celebrating its 15th anniversary, is an inspiring example of entrepreneurship, technical excellence, and strategic collaboration in the industrial sector&#8230;<\/p>\n","protected":false},"author":2,"featured_media":15051,"comment_status":"closed","ping_status":"closed","sticky":false,"template":"","format":"standard","meta":{"_acf_changed":false,"_joinchat":[],"footnotes":""},"categories":[181],"tags":[],"class_list":["post-15057","post","type-post","status-publish","format-standard","has-post-thumbnail","hentry","category-rdl-institutional"],"acf":[],"_links":{"self":[{"href":"https:\/\/www.ruydelacerda.pt\/en\/wp-json\/wp\/v2\/posts\/15057","targetHints":{"allow":["GET"]}}],"collection":[{"href":"https:\/\/www.ruydelacerda.pt\/en\/wp-json\/wp\/v2\/posts"}],"about":[{"href":"https:\/\/www.ruydelacerda.pt\/en\/wp-json\/wp\/v2\/types\/post"}],"author":[{"embeddable":true,"href":"https:\/\/www.ruydelacerda.pt\/en\/wp-json\/wp\/v2\/users\/2"}],"replies":[{"embeddable":true,"href":"https:\/\/www.ruydelacerda.pt\/en\/wp-json\/wp\/v2\/comments?post=15057"}],"version-history":[{"count":1,"href":"https:\/\/www.ruydelacerda.pt\/en\/wp-json\/wp\/v2\/posts\/15057\/revisions"}],"predecessor-version":[{"id":15058,"href":"https:\/\/www.ruydelacerda.pt\/en\/wp-json\/wp\/v2\/posts\/15057\/revisions\/15058"}],"wp:featuredmedia":[{"embeddable":true,"href":"https:\/\/www.ruydelacerda.pt\/en\/wp-json\/wp\/v2\/media\/15051"}],"wp:attachment":[{"href":"https:\/\/www.ruydelacerda.pt\/en\/wp-json\/wp\/v2\/media?parent=15057"}],"wp:term":[{"taxonomy":"category","embeddable":true,"href":"https:\/\/www.ruydelacerda.pt\/en\/wp-json\/wp\/v2\/categories?post=15057"},{"taxonomy":"post_tag","embeddable":true,"href":"https:\/\/www.ruydelacerda.pt\/en\/wp-json\/wp\/v2\/tags?post=15057"}],"curies":[{"name":"wp","href":"https:\/\/api.w.org\/{rel}","templated":true}]}}